{"id":2796,"date":"2026-09-02T15:59:50","date_gmt":"2026-09-02T13:59:50","guid":{"rendered":"https:\/\/mindef.gov.cm\/armee-de-terre\/?p=2796"},"modified":"2026-09-02T15:59:50","modified_gmt":"2026-09-02T13:59:50","slug":"general-de-brigade-ezoo-mvondo-simon","status":"publish","type":"post","link":"https:\/\/mindef.gov.cm\/armee-de-terre\/general-de-brigade-ezoo-mvondo-simon\/","title":{"rendered":"G\u00e9n\u00e9ral de Brigade Ezo\u2019o Mvondo Simon : Une vie d\u00e9vou\u00e9e au service de la Nation"},"content":{"rendered":"<p>Le 14 juillet 2026, les Forces de D\u00e9fense camerounaises et celles de l\u2019Arm\u00e9e de Terre, ont une fois de plus \u00e9t\u00e9 frapp\u00e9es par le deuil. Pr\u00e8s de deux mois apr\u00e8s la disparition du G\u00e9n\u00e9ral de Division Mpay Philippe, ancien Commandant des Ecoles et Centres d\u2019Instruction Interarm\u00e9es (COMECIIA), survenait celle du G\u00e9n\u00e9ral de Brigade Ezo\u2019o Mvondo Simon, alors Commandant de la 1<sup>\u00e8re<\/sup> R\u00e9gion Militaire Interarm\u00e9es (RMIA 1).<\/p>\n<p>Au-del\u00e0 de ses diff\u00e9rentes responsabilit\u00e9s qu\u2019il a assum\u00e9es et des nombreuses causes auxquelles il s\u2019est consacr\u00e9, il restera surtout dans les m\u00e9moires comme l\u2019un des acteurs de la transformation structurelle de l\u2019Arm\u00e9e camerounaise survenue ces derni\u00e8res ann\u00e9es. Par son sens \u00e9lev\u00e9 du devoir et son engagement sans faille au service de la nation, il aura contribu\u00e9 au renforcement et \u00e0 la modernisation de l\u2019outil de d\u00e9fense.<\/p>\n<p>Pourtant, depuis son village d\u2019Essam-Esse, dans le D\u00e9partement du Dja-et-Lobo, R\u00e9gion du Sud o\u00f9 il voit le jour le 14 janvier 1959 rien ne le pr\u00e9destine \u00e0 un tel parcours. Apr\u00e8s des \u00e9tudes primaires, secondaires et universitaires dans des \u00e9tablissements catholiques et publics, il int\u00e8gre la prestigieuse \u00c9cole Militaire Interarm\u00e9es (EMIA) dans le cadre de la promotion \u00ab Rudolf Douala Manga Bell \u00bb. Il en sortira dipl\u00f4m\u00e9 en 1986.<\/p>\n<p>Son parcours est marqu\u00e9 par plusieurs stages de perfectionnement au Cameroun comme \u00e0 l\u2019\u00e9tranger, notamment \u00e0 l\u2019\u00c9cole de cavalerie de Saumur, en France, ainsi qu\u2019en Allemagne, o\u00f9 il obtient successivement le Dipl\u00f4me d\u2019\u00c9tat-Major (DEM) et le Brevet d\u2019\u00c9tudes Militaires Sup\u00e9rieures du second degr\u00e9 (BEMS 2).<\/p>\n<p>Officier de cavalerie, il d\u00e9bute sa carri\u00e8re en 1986 comme Chef de Section \u00e0 la 121<sup>e<\/sup> Compagnie de Combat du Secteur Militaire n\u00b03. Par la suite, il exercera tour \u00e0 tour les fonctions de Commandant de peloton de l\u2019Escadron Blind\u00e9 du R\u00e9giment du Quartier G\u00e9n\u00e9ral, Commandant de l\u2019Escadron Blind\u00e9 de Reconnaissance et d\u2019Appui du Quartier G\u00e9n\u00e9ral (EBRA), Chef d\u2019\u00c9tat-Major du Secteur Militaire Terrestre n\u00b03, Commandant du Secteur Militaire Terrestre n\u00b02 et Commandant de la 11<sup>e<\/sup> Brigade d\u2019Infanterie Motoris\u00e9e.<\/p>\n<p>Au cours de sa carri\u00e8re, le G\u00e9n\u00e9ral de Brigade Ezo\u2019o Mvondo Simon prend part \u00e0 plusieurs missions et engagements majeurs, notamment dans le cadre de l\u2019Op\u00e9ration Delta \u00e0 Bakassi, de la s\u00e9curisation des fronti\u00e8res orientales et de la pr\u00e9paration des contingents camerounais destin\u00e9s \u00e0 la MISCA en 2014. Promu G\u00e9n\u00e9ral de Brigade le 13 ao\u00fbt 2015, il est nomm\u00e9, deux ann\u00e9es plus tard, Commandant de la 1<sup>\u00e8re<\/sup> R\u00e9gion Militaire Interarm\u00e9es, fonction qu\u2019il exerce jusqu\u2019\u00e0 son d\u00e9c\u00e8s.<\/p>\n<p>Apr\u00e8s quatre d\u00e9cennies de service sous les drapeaux, le G\u00e9n\u00e9ral de Brigade Ezo\u2019o Mvondo Simon demeure une figure marquante du commandement militaire camerounais, dont le parcours t\u00e9moigne d\u2019un engagement constant au service de la d\u00e9fense de la Nation.<\/p>\n","protected":false},"excerpt":{"rendered":"<p>Le 14 juillet 2026, les Forces de D\u00e9fense camerounaises et celles de l\u2019Arm\u00e9e de Terre, ont une fois de plus \u00e9t\u00e9 frapp\u00e9es par le deuil. Pr\u00e8s de deux mois apr\u00e8s la disparition du G\u00e9n\u00e9ral de Division Mpay Philippe, ancien Commandant des Ecoles et Centres d\u2019Instruction Interarm\u00e9es (COMECIIA), survenait celle du G\u00e9n\u00e9ral de Brigade Ezo\u2019o Mvondo [&hellip;]<\/p>\n","protected":false},"author":18,"featured_media":2798,"comment_status":"open","ping_status":"open","sticky":false,"template":"","format":"standard","meta":{"footnotes":""},"categories":[11],"tags":[13,14],"class_list":["post-2796","post","type-post","status-publish","format-standard","has-post-thumbnail","hentry","category-scroll","tag-actualites","tag-banniere"],"yoast_head":"<!-- This site is optimized with the Yoast SEO plugin v23.3 - https:\/\/yoast.com\/wordpress\/plugins\/seo\/ -->\n<title>G\u00e9n\u00e9ral de Brigade Ezo\u2019o Mvondo Simon : Une vie d\u00e9vou\u00e9e au service de la Nation - Arm\u00e9e de Terre<\/title>\n<meta name=\"description\" content=\"Alors que le d\u00e9funt officier g\u00e9n\u00e9ral entamera le 03 septembre 2026 son ultime voyage vers sa terre natale de Essam-Esse, dans la R\u00e9gion du Sud, le souvenir d\u2019un chef militaire profond\u00e9ment d\u00e9vou\u00e9 \u00e0 la cause du peuple, qu\u2019il a servi et d\u00e9fendu durant quarante ann\u00e9es demeure vivace dans les m\u00e9moires.\" \/>\n<meta name=\"robots\" content=\"index, follow, max-snippet:-1, max-image-preview:large, max-video-preview:-1\" \/>\n<link rel=\"canonical\" href=\"https:\/\/mindef.gov.cm\/armee-de-terre\/general-de-brigade-ezoo-mvondo-simon\/\" \/>\n<meta property=\"og:locale\" content=\"fr_FR\" \/>\n<meta property=\"og:type\" content=\"article\" \/>\n<meta property=\"og:title\" content=\"G\u00e9n\u00e9ral de Brigade Ezo\u2019o Mvondo Simon : Une vie d\u00e9vou\u00e9e au service de la Nation - Arm\u00e9e de Terre\" \/>\n<meta property=\"og:description\" content=\"Alors que le d\u00e9funt officier g\u00e9n\u00e9ral entamera le 03 septembre 2026 son ultime voyage vers sa terre natale de Essam-Esse, dans la R\u00e9gion du Sud, le souvenir d\u2019un chef militaire profond\u00e9ment d\u00e9vou\u00e9 \u00e0 la cause du peuple, qu\u2019il a servi et d\u00e9fendu durant quarante ann\u00e9es demeure vivace dans les m\u00e9moires.\" \/>\n<meta property=\"og:url\" content=\"https:\/\/mindef.gov.cm\/armee-de-terre\/general-de-brigade-ezoo-mvondo-simon\/\" \/>\n<meta property=\"og:site_name\" content=\"Arm\u00e9e de Terre\" \/>\n<meta property=\"article:published_time\" content=\"2026-09-02T13:59:50+00:00\" \/>\n<meta property=\"og:image\" content=\"https:\/\/mindef.gov.cm\/armee-de-terre\/wp-content\/uploads\/sites\/5\/2026\/09\/GB-EZOO-MVONDO-Simon-.jpg.jpeg\" \/>\n\t<meta property=\"og:image:width\" content=\"944\" \/>\n\t<meta property=\"og:image:height\" content=\"1122\" \/>\n\t<meta property=\"og:image:type\" content=\"image\/jpeg\" \/>\n<meta name=\"author\" content=\"webmasterematroot1\" \/>\n<meta name=\"twitter:card\" content=\"summary_large_image\" \/>\n<meta name=\"twitter:label1\" content=\"\u00c9crit par\" \/>\n\t<meta name=\"twitter:data1\" content=\"webmasterematroot1\" \/>\n\t<meta name=\"twitter:label2\" content=\"Dur\u00e9e de lecture estim\u00e9e\" \/>\n\t<meta name=\"twitter:data2\" content=\"3 minutes\" \/>\n<script type=\"application\/ld+json\" class=\"yoast-schema-graph\">{\"@context\":\"https:\/\/schema.org\",\"@graph\":[{\"@type\":\"Article\",\"@id\":\"https:\/\/mindef.gov.cm\/armee-de-terre\/general-de-brigade-ezoo-mvondo-simon\/#article\",\"isPartOf\":{\"@id\":\"https:\/\/mindef.gov.cm\/armee-de-terre\/general-de-brigade-ezoo-mvondo-simon\/\"},\"author\":{\"name\":\"webmasterematroot1\",\"@id\":\"https:\/\/mindef.gov.cm\/armee-de-terre\/#\/schema\/person\/ecbe8b3293de16ce29659f083dba83e8\"},\"headline\":\"G\u00e9n\u00e9ral de Brigade Ezo\u2019o Mvondo Simon : Une vie d\u00e9vou\u00e9e au service de la Nation\",\"datePublished\":\"2026-09-02T13:59:50+00:00\",\"dateModified\":\"2026-09-02T13:59:50+00:00\",\"mainEntityOfPage\":{\"@id\":\"https:\/\/mindef.gov.cm\/armee-de-terre\/general-de-brigade-ezoo-mvondo-simon\/\"},\"wordCount\":518,\"commentCount\":0,\"publisher\":{\"@id\":\"https:\/\/mindef.gov.cm\/armee-de-terre\/#organization\"},\"image\":{\"@id\":\"https:\/\/mindef.gov.cm\/armee-de-terre\/general-de-brigade-ezoo-mvondo-simon\/#primaryimage\"},\"thumbnailUrl\":\"https:\/\/mindef.gov.cm\/armee-de-terre\/wp-content\/uploads\/sites\/5\/2026\/09\/GB-EZOO-MVONDO-Simon-.jpg.jpeg\",\"keywords\":[\"Actualit\u00e9s\",\"banniere\"],\"articleSection\":[\"scroll\"],\"inLanguage\":\"fr-FR\",\"potentialAction\":[{\"@type\":\"CommentAction\",\"name\":\"Comment\",\"target\":[\"https:\/\/mindef.gov.cm\/armee-de-terre\/general-de-brigade-ezoo-mvondo-simon\/#respond\"]}]},{\"@type\":\"WebPage\",\"@id\":\"https:\/\/mindef.gov.cm\/armee-de-terre\/general-de-brigade-ezoo-mvondo-simon\/\",\"url\":\"https:\/\/mindef.gov.cm\/armee-de-terre\/general-de-brigade-ezoo-mvondo-simon\/\",\"name\":\"G\u00e9n\u00e9ral de Brigade Ezo\u2019o Mvondo Simon : Une vie d\u00e9vou\u00e9e au service de la Nation - Arm\u00e9e de Terre\",\"isPartOf\":{\"@id\":\"https:\/\/mindef.gov.cm\/armee-de-terre\/#website\"},\"primaryImageOfPage\":{\"@id\":\"https:\/\/mindef.gov.cm\/armee-de-terre\/general-de-brigade-ezoo-mvondo-simon\/#primaryimage\"},\"image\":{\"@id\":\"https:\/\/mindef.gov.cm\/armee-de-terre\/general-de-brigade-ezoo-mvondo-simon\/#primaryimage\"},\"thumbnailUrl\":\"https:\/\/mindef.gov.cm\/armee-de-terre\/wp-content\/uploads\/sites\/5\/2026\/09\/GB-EZOO-MVONDO-Simon-.jpg.jpeg\",\"datePublished\":\"2026-09-02T13:59:50+00:00\",\"dateModified\":\"2026-09-02T13:59:50+00:00\",\"description\":\"Alors que le d\u00e9funt officier g\u00e9n\u00e9ral entamera le 03 septembre 2026 son ultime voyage vers sa terre natale de Essam-Esse, dans la R\u00e9gion du Sud, le souvenir d\u2019un chef militaire profond\u00e9ment d\u00e9vou\u00e9 \u00e0 la cause du peuple, qu\u2019il a servi et d\u00e9fendu durant quarante ann\u00e9es demeure vivace dans les m\u00e9moires.\",\"breadcrumb\":{\"@id\":\"https:\/\/mindef.gov.cm\/armee-de-terre\/general-de-brigade-ezoo-mvondo-simon\/#breadcrumb\"},\"inLanguage\":\"fr-FR\",\"potentialAction\":[{\"@type\":\"ReadAction\",\"target\":[\"https:\/\/mindef.gov.cm\/armee-de-terre\/general-de-brigade-ezoo-mvondo-simon\/\"]}]},{\"@type\":\"ImageObject\",\"inLanguage\":\"fr-FR\",\"@id\":\"https:\/\/mindef.gov.cm\/armee-de-terre\/general-de-brigade-ezoo-mvondo-simon\/#primaryimage\",\"url\":\"https:\/\/mindef.gov.cm\/armee-de-terre\/wp-content\/uploads\/sites\/5\/2026\/09\/GB-EZOO-MVONDO-Simon-.jpg.jpeg\",\"contentUrl\":\"https:\/\/mindef.gov.cm\/armee-de-terre\/wp-content\/uploads\/sites\/5\/2026\/09\/GB-EZOO-MVONDO-Simon-.jpg.jpeg\",\"width\":944,\"height\":1122},{\"@type\":\"BreadcrumbList\",\"@id\":\"https:\/\/mindef.gov.cm\/armee-de-terre\/general-de-brigade-ezoo-mvondo-simon\/#breadcrumb\",\"itemListElement\":[{\"@type\":\"ListItem\",\"position\":1,\"name\":\"Home\",\"item\":\"https:\/\/mindef.gov.cm\/armee-de-terre\/\"},{\"@type\":\"ListItem\",\"position\":2,\"name\":\"G\u00e9n\u00e9ral de Brigade Ezo\u2019o Mvondo Simon : Une vie d\u00e9vou\u00e9e au service de la Nation\"}]},{\"@type\":\"WebSite\",\"@id\":\"https:\/\/mindef.gov.cm\/armee-de-terre\/#website\",\"url\":\"https:\/\/mindef.gov.cm\/armee-de-terre\/\",\"name\":\"Arm\u00e9e de Terre\",\"description\":\"\",\"publisher\":{\"@id\":\"https:\/\/mindef.gov.cm\/armee-de-terre\/#organization\"},\"potentialAction\":[{\"@type\":\"SearchAction\",\"target\":{\"@type\":\"EntryPoint\",\"urlTemplate\":\"https:\/\/mindef.gov.cm\/armee-de-terre\/?s={search_term_string}\"},\"query-input\":\"required name=search_term_string\"}],\"inLanguage\":\"fr-FR\"},{\"@type\":\"Organization\",\"@id\":\"https:\/\/mindef.gov.cm\/armee-de-terre\/#organization\",\"name\":\"Arm\u00e9e de Terre\",\"url\":\"https:\/\/mindef.gov.cm\/armee-de-terre\/\",\"logo\":{\"@type\":\"ImageObject\",\"inLanguage\":\"fr-FR\",\"@id\":\"https:\/\/mindef.gov.cm\/armee-de-terre\/#\/schema\/logo\/image\/\",\"url\":\"https:\/\/mindef.gov.cm\/armee-de-terre\/wp-content\/uploads\/sites\/5\/2023\/07\/LOGO-MINDEF-PNG-FRANCAIS.png\",\"contentUrl\":\"https:\/\/mindef.gov.cm\/armee-de-terre\/wp-content\/uploads\/sites\/5\/2023\/07\/LOGO-MINDEF-PNG-FRANCAIS.png\",\"width\":2126,\"height\":478,\"caption\":\"Arm\u00e9e de Terre\"},\"image\":{\"@id\":\"https:\/\/mindef.gov.cm\/armee-de-terre\/#\/schema\/logo\/image\/\"}},{\"@type\":\"Person\",\"@id\":\"https:\/\/mindef.gov.cm\/armee-de-terre\/#\/schema\/person\/ecbe8b3293de16ce29659f083dba83e8\",\"name\":\"webmasterematroot1\",\"image\":{\"@type\":\"ImageObject\",\"inLanguage\":\"fr-FR\",\"@id\":\"https:\/\/mindef.gov.cm\/armee-de-terre\/#\/schema\/person\/image\/\",\"url\":\"https:\/\/secure.gravatar.com\/avatar\/c18177a3689fc8d47a2181a7f88201fb?s=96&d=mm&r=g\",\"contentUrl\":\"https:\/\/secure.gravatar.com\/avatar\/c18177a3689fc8d47a2181a7f88201fb?s=96&d=mm&r=g\",\"caption\":\"webmasterematroot1\"},\"url\":\"https:\/\/mindef.gov.cm\/armee-de-terre\/author\/webmasterematroot1\/\"}]}<\/script>\n<!-- \/ Yoast SEO plugin. -->","yoast_head_json":{"title":"G\u00e9n\u00e9ral de Brigade Ezo\u2019o Mvondo Simon : Une vie d\u00e9vou\u00e9e au service de la Nation - Arm\u00e9e de Terre","description":"Alors que le d\u00e9funt officier g\u00e9n\u00e9ral entamera le 03 septembre 2026 son ultime voyage vers sa terre natale de Essam-Esse, dans la R\u00e9gion du Sud, le souvenir d\u2019un chef militaire profond\u00e9ment d\u00e9vou\u00e9 \u00e0 la cause du peuple, qu\u2019il a servi et d\u00e9fendu durant quarante ann\u00e9es demeure vivace dans les m\u00e9moires.","robots":{"index":"index","follow":"follow","max-snippet":"max-snippet:-1","max-image-preview":"max-image-preview:large","max-video-preview":"max-video-preview:-1"},"canonical":"https:\/\/mindef.gov.cm\/armee-de-terre\/general-de-brigade-ezoo-mvondo-simon\/","og_locale":"fr_FR","og_type":"article","og_title":"G\u00e9n\u00e9ral de Brigade Ezo\u2019o Mvondo Simon : Une vie d\u00e9vou\u00e9e au service de la Nation - Arm\u00e9e de Terre","og_description":"Alors que le d\u00e9funt officier g\u00e9n\u00e9ral entamera le 03 septembre 2026 son ultime voyage vers sa terre natale de Essam-Esse, dans la R\u00e9gion du Sud, le souvenir d\u2019un chef militaire profond\u00e9ment d\u00e9vou\u00e9 \u00e0 la cause du peuple, qu\u2019il a servi et d\u00e9fendu durant quarante ann\u00e9es demeure vivace dans les m\u00e9moires.","og_url":"https:\/\/mindef.gov.cm\/armee-de-terre\/general-de-brigade-ezoo-mvondo-simon\/","og_site_name":"Arm\u00e9e de Terre","article_published_time":"2026-09-02T13:59:50+00:00","og_image":[{"width":944,"height":1122,"url":"https:\/\/mindef.gov.cm\/armee-de-terre\/wp-content\/uploads\/sites\/5\/2026\/09\/GB-EZOO-MVONDO-Simon-.jpg.jpeg","type":"image\/jpeg"}],"author":"webmasterematroot1","twitter_card":"summary_large_image","twitter_misc":{"\u00c9crit par":"webmasterematroot1","Dur\u00e9e de lecture estim\u00e9e":"3 minutes"},"schema":{"@context":"https:\/\/schema.org","@graph":[{"@type":"Article","@id":"https:\/\/mindef.gov.cm\/armee-de-terre\/general-de-brigade-ezoo-mvondo-simon\/#article","isPartOf":{"@id":"https:\/\/mindef.gov.cm\/armee-de-terre\/general-de-brigade-ezoo-mvondo-simon\/"},"author":{"name":"webmasterematroot1","@id":"https:\/\/mindef.gov.cm\/armee-de-terre\/#\/schema\/person\/ecbe8b3293de16ce29659f083dba83e8"},"headline":"G\u00e9n\u00e9ral de Brigade Ezo\u2019o Mvondo Simon : Une vie d\u00e9vou\u00e9e au service de la Nation","datePublished":"2026-09-02T13:59:50+00:00","dateModified":"2026-09-02T13:59:50+00:00","mainEntityOfPage":{"@id":"https:\/\/mindef.gov.cm\/armee-de-terre\/general-de-brigade-ezoo-mvondo-simon\/"},"wordCount":518,"commentCount":0,"publisher":{"@id":"https:\/\/mindef.gov.cm\/armee-de-terre\/#organization"},"image":{"@id":"https:\/\/mindef.gov.cm\/armee-de-terre\/general-de-brigade-ezoo-mvondo-simon\/#primaryimage"},"thumbnailUrl":"https:\/\/mindef.gov.cm\/armee-de-terre\/wp-content\/uploads\/sites\/5\/2026\/09\/GB-EZOO-MVONDO-Simon-.jpg.jpeg","keywords":["Actualit\u00e9s","banniere"],"articleSection":["scroll"],"inLanguage":"fr-FR","potentialAction":[{"@type":"CommentAction","name":"Comment","target":["https:\/\/mindef.gov.cm\/armee-de-terre\/general-de-brigade-ezoo-mvondo-simon\/#respond"]}]},{"@type":"WebPage","@id":"https:\/\/mindef.gov.cm\/armee-de-terre\/general-de-brigade-ezoo-mvondo-simon\/","url":"https:\/\/mindef.gov.cm\/armee-de-terre\/general-de-brigade-ezoo-mvondo-simon\/","name":"G\u00e9n\u00e9ral de Brigade Ezo\u2019o Mvondo Simon : Une vie d\u00e9vou\u00e9e au service de la Nation - Arm\u00e9e de Terre","isPartOf":{"@id":"https:\/\/mindef.gov.cm\/armee-de-terre\/#website"},"primaryImageOfPage":{"@id":"https:\/\/mindef.gov.cm\/armee-de-terre\/general-de-brigade-ezoo-mvondo-simon\/#primaryimage"},"image":{"@id":"https:\/\/mindef.gov.cm\/armee-de-terre\/general-de-brigade-ezoo-mvondo-simon\/#primaryimage"},"thumbnailUrl":"https:\/\/mindef.gov.cm\/armee-de-terre\/wp-content\/uploads\/sites\/5\/2026\/09\/GB-EZOO-MVONDO-Simon-.jpg.jpeg","datePublished":"2026-09-02T13:59:50+00:00","dateModified":"2026-09-02T13:59:50+00:00","description":"Alors que le d\u00e9funt officier g\u00e9n\u00e9ral entamera le 03 septembre 2026 son ultime voyage vers sa terre natale de Essam-Esse, dans la R\u00e9gion du Sud, le souvenir d\u2019un chef militaire profond\u00e9ment d\u00e9vou\u00e9 \u00e0 la cause du peuple, qu\u2019il a servi et d\u00e9fendu durant quarante ann\u00e9es demeure vivace dans les m\u00e9moires.","breadcrumb":{"@id":"https:\/\/mindef.gov.cm\/armee-de-terre\/general-de-brigade-ezoo-mvondo-simon\/#breadcrumb"},"inLanguage":"fr-FR","potentialAction":[{"@type":"ReadAction","target":["https:\/\/mindef.gov.cm\/armee-de-terre\/general-de-brigade-ezoo-mvondo-simon\/"]}]},{"@type":"ImageObject","inLanguage":"fr-FR","@id":"https:\/\/mindef.gov.cm\/armee-de-terre\/general-de-brigade-ezoo-mvondo-simon\/#primaryimage","url":"https:\/\/mindef.gov.cm\/armee-de-terre\/wp-content\/uploads\/sites\/5\/2026\/09\/GB-EZOO-MVONDO-Simon-.jpg.jpeg","contentUrl":"https:\/\/mindef.gov.cm\/armee-de-terre\/wp-content\/uploads\/sites\/5\/2026\/09\/GB-EZOO-MVONDO-Simon-.jpg.jpeg","width":944,"height":1122},{"@type":"BreadcrumbList","@id":"https:\/\/mindef.gov.cm\/armee-de-terre\/general-de-brigade-ezoo-mvondo-simon\/#breadcrumb","itemListElement":[{"@type":"ListItem","position":1,"name":"Home","item":"https:\/\/mindef.gov.cm\/armee-de-terre\/"},{"@type":"ListItem","position":2,"name":"G\u00e9n\u00e9ral de Brigade Ezo\u2019o Mvondo Simon : Une vie d\u00e9vou\u00e9e au service de la Nation"}]},{"@type":"WebSite","@id":"https:\/\/mindef.gov.cm\/armee-de-terre\/#website","url":"https:\/\/mindef.gov.cm\/armee-de-terre\/","name":"Arm\u00e9e de Terre","description":"","publisher":{"@id":"https:\/\/mindef.gov.cm\/armee-de-terre\/#organization"},"potentialAction":[{"@type":"SearchAction","target":{"@type":"EntryPoint","urlTemplate":"https:\/\/mindef.gov.cm\/armee-de-terre\/?s={search_term_string}"},"query-input":"required name=search_term_string"}],"inLanguage":"fr-FR"},{"@type":"Organization","@id":"https:\/\/mindef.gov.cm\/armee-de-terre\/#organization","name":"Arm\u00e9e de Terre","url":"https:\/\/mindef.gov.cm\/armee-de-terre\/","logo":{"@type":"ImageObject","inLanguage":"fr-FR","@id":"https:\/\/mindef.gov.cm\/armee-de-terre\/#\/schema\/logo\/image\/","url":"https:\/\/mindef.gov.cm\/armee-de-terre\/wp-content\/uploads\/sites\/5\/2023\/07\/LOGO-MINDEF-PNG-FRANCAIS.png","contentUrl":"https:\/\/mindef.gov.cm\/armee-de-terre\/wp-content\/uploads\/sites\/5\/2023\/07\/LOGO-MINDEF-PNG-FRANCAIS.png","width":2126,"height":478,"caption":"Arm\u00e9e de Terre"},"image":{"@id":"https:\/\/mindef.gov.cm\/armee-de-terre\/#\/schema\/logo\/image\/"}},{"@type":"Person","@id":"https:\/\/mindef.gov.cm\/armee-de-terre\/#\/schema\/person\/ecbe8b3293de16ce29659f083dba83e8","name":"webmasterematroot1","image":{"@type":"ImageObject","inLanguage":"fr-FR","@id":"https:\/\/mindef.gov.cm\/armee-de-terre\/#\/schema\/person\/image\/","url":"https:\/\/secure.gravatar.com\/avatar\/c18177a3689fc8d47a2181a7f88201fb?s=96&d=mm&r=g","contentUrl":"https:\/\/secure.gravatar.com\/avatar\/c18177a3689fc8d47a2181a7f88201fb?s=96&d=mm&r=g","caption":"webmasterematroot1"},"url":"https:\/\/mindef.gov.cm\/armee-de-terre\/author\/webmasterematroot1\/"}]}},"rttpg_featured_image_url":{"full":["https:\/\/mindef.gov.cm\/armee-de-terre\/wp-content\/uploads\/sites\/5\/2026\/09\/GB-EZOO-MVONDO-Simon-.jpg.jpeg",944,1122,false],"landscape":["https:\/\/mindef.gov.cm\/armee-de-terre\/wp-content\/uploads\/sites\/5\/2026\/09\/GB-EZOO-MVONDO-Simon-.jpg.jpeg",944,1122,false],"portraits":["https:\/\/mindef.gov.cm\/armee-de-terre\/wp-content\/uploads\/sites\/5\/2026\/09\/GB-EZOO-MVONDO-Simon-.jpg.jpeg",944,1122,false],"thumbnail":["https:\/\/mindef.gov.cm\/armee-de-terre\/wp-content\/uploads\/sites\/5\/2026\/09\/GB-EZOO-MVONDO-Simon-.jpg-150x150.jpeg",150,150,true],"medium":["https:\/\/mindef.gov.cm\/armee-de-terre\/wp-content\/uploads\/sites\/5\/2026\/09\/GB-EZOO-MVONDO-Simon-.jpg-252x300.jpeg",252,300,true],"large":["https:\/\/mindef.gov.cm\/armee-de-terre\/wp-content\/uploads\/sites\/5\/2026\/09\/GB-EZOO-MVONDO-Simon-.jpg-862x1024.jpeg",800,950,true],"1536x1536":["https:\/\/mindef.gov.cm\/armee-de-terre\/wp-content\/uploads\/sites\/5\/2026\/09\/GB-EZOO-MVONDO-Simon-.jpg.jpeg",944,1122,false],"2048x2048":["https:\/\/mindef.gov.cm\/armee-de-terre\/wp-content\/uploads\/sites\/5\/2026\/09\/GB-EZOO-MVONDO-Simon-.jpg.jpeg",944,1122,false],"htmega_size_585x295":["https:\/\/mindef.gov.cm\/armee-de-terre\/wp-content\/uploads\/sites\/5\/2026\/09\/GB-EZOO-MVONDO-Simon-.jpg-585x295.jpeg",585,295,true],"htmega_size_1170x536":["https:\/\/mindef.gov.cm\/armee-de-terre\/wp-content\/uploads\/sites\/5\/2026\/09\/GB-EZOO-MVONDO-Simon-.jpg-944x536.jpeg",944,536,true],"htmega_size_396x360":["https:\/\/mindef.gov.cm\/armee-de-terre\/wp-content\/uploads\/sites\/5\/2026\/09\/GB-EZOO-MVONDO-Simon-.jpg-396x360.jpeg",396,360,true],"rt_custom":["https:\/\/mindef.gov.cm\/armee-de-terre\/wp-content\/uploads\/sites\/5\/2026\/09\/GB-EZOO-MVONDO-Simon-.jpg.jpeg",944,1122,false]},"rttpg_author":{"display_name":"webmasterematroot1","author_link":"https:\/\/mindef.gov.cm\/armee-de-terre\/author\/webmasterematroot1\/"},"rttpg_comment":0,"rttpg_category":"<a href=\"https:\/\/mindef.gov.cm\/armee-de-terre\/category\/scroll\/\" rel=\"category tag\">scroll<\/a>","rttpg_excerpt":"Le 14 juillet 2026, les Forces de D\u00e9fense camerounaises et celles de l\u2019Arm\u00e9e de Terre, ont une fois de plus \u00e9t\u00e9 frapp\u00e9es par le deuil. Pr\u00e8s de deux mois apr\u00e8s la disparition du G\u00e9n\u00e9ral de Division Mpay Philippe, ancien Commandant des Ecoles et Centres d\u2019Instruction Interarm\u00e9es (COMECIIA), survenait celle du G\u00e9n\u00e9ral de Brigade Ezo\u2019o Mvondo\u2026","_links":{"self":[{"href":"https:\/\/mindef.gov.cm\/armee-de-terre\/wp-json\/wp\/v2\/posts\/2796","targetHints":{"allow":["GET"]}}],"collection":[{"href":"https:\/\/mindef.gov.cm\/armee-de-terre\/wp-json\/wp\/v2\/posts"}],"about":[{"href":"https:\/\/mindef.gov.cm\/armee-de-terre\/wp-json\/wp\/v2\/types\/post"}],"author":[{"embeddable":true,"href":"https:\/\/mindef.gov.cm\/armee-de-terre\/wp-json\/wp\/v2\/users\/18"}],"replies":[{"embeddable":true,"href":"https:\/\/mindef.gov.cm\/armee-de-terre\/wp-json\/wp\/v2\/comments?post=2796"}],"version-history":[{"count":1,"href":"https:\/\/mindef.gov.cm\/armee-de-terre\/wp-json\/wp\/v2\/posts\/2796\/revisions"}],"predecessor-version":[{"id":2802,"href":"https:\/\/mindef.gov.cm\/armee-de-terre\/wp-json\/wp\/v2\/posts\/2796\/revisions\/2802"}],"wp:featuredmedia":[{"embeddable":true,"href":"https:\/\/mindef.gov.cm\/armee-de-terre\/wp-json\/wp\/v2\/media\/2798"}],"wp:attachment":[{"href":"https:\/\/mindef.gov.cm\/armee-de-terre\/wp-json\/wp\/v2\/media?parent=2796"}],"wp:term":[{"taxonomy":"category","embeddable":true,"href":"https:\/\/mindef.gov.cm\/armee-de-terre\/wp-json\/wp\/v2\/categories?post=2796"},{"taxonomy":"post_tag","embeddable":true,"href":"https:\/\/mindef.gov.cm\/armee-de-terre\/wp-json\/wp\/v2\/tags?post=2796"}],"curies":[{"name":"wp","href":"https:\/\/api.w.org\/{rel}","templated":true}]}}