{"id":5078,"date":"2024-06-05T10:39:49","date_gmt":"2024-06-05T08:39:49","guid":{"rendered":"https:\/\/mindef.gov.cm\/gendarmerie-nationale\/?p=5078"},"modified":"2024-06-05T14:33:28","modified_gmt":"2024-06-05T12:33:28","slug":"les-eleves-gendarmes-du-contingent-2022-promus-au-grade-du-gendarmes","status":"publish","type":"post","link":"https:\/\/mindef.gov.cm\/gendarmerie-nationale\/2024\/06\/05\/les-eleves-gendarmes-du-contingent-2022-promus-au-grade-du-gendarmes\/","title":{"rendered":"Les \u00e9l\u00e8ves-Gendarmes du contingent 2022 promus au grade de Gendarmes."},"content":{"rendered":"<p>Les Unit\u00e9s Territoriales et Mobiles, les Formations sp\u00e9cialis\u00e9es ainsi que les Services Centraux de la Gendarmerie Nationale o\u00f9 ils sont affect\u00e9s ont organis\u00e9 des c\u00e9r\u00e9monies de port de galons \u00e0 leur profit.<\/p>\n<p><img fetchpriority=\"high\" decoding=\"async\" class=\"alignnone size-medium wp-image-5081\" src=\"https:\/\/mindef.gov.cm\/gendarmerie-nationale\/wp-content\/uploads\/sites\/2\/2024\/06\/Gendarmes-du-contingent-2022-1-300x200.jpg\" alt=\"\" width=\"300\" height=\"200\" \/> <img decoding=\"async\" class=\"alignnone size-medium wp-image-5083\" src=\"https:\/\/mindef.gov.cm\/gendarmerie-nationale\/wp-content\/uploads\/sites\/2\/2024\/06\/Gendarmes-du-contingent-2022-2-300x225.jpg\" alt=\"\" width=\"300\" height=\"225\" \/> <img decoding=\"async\" class=\"alignnone size-medium wp-image-5085\" src=\"https:\/\/mindef.gov.cm\/gendarmerie-nationale\/wp-content\/uploads\/sites\/2\/2024\/06\/Gendarmes-du-contingent-2022-3-300x225.jpg\" alt=\"\" width=\"300\" height=\"225\" \/> <img loading=\"lazy\" decoding=\"async\" class=\"alignnone size-medium wp-image-5087\" src=\"https:\/\/mindef.gov.cm\/gendarmerie-nationale\/wp-content\/uploads\/sites\/2\/2024\/06\/Gendarmes-du-contingent-2022-4-300x225.jpg\" alt=\"\" width=\"300\" height=\"225\" \/><\/p>\n<p>Ces c\u00e9r\u00e9monies qui ont drain\u00e9 un grand monde dans chacun de ces sites ont \u00e9t\u00e9 rehauss\u00e9es cette ann\u00e9e par la pr\u00e9sence de nombreuses Autorit\u00e9s Administratives et Militaires. Ce fut le cas \u00e0 Bertoua o\u00f9 le Gouverneur de la R\u00e9gion de L&#8217;Est et le G\u00e9n\u00e9ral de Brigade, Commandant la 12e Brigade d&#8217;Infanterie Motoris\u00e9e ont tenu \u00e0 marquer le coup en apposant les galons sur les \u00e9paules des promus.<\/p>\n<p><img loading=\"lazy\" decoding=\"async\" class=\"alignnone size-medium wp-image-5089\" src=\"https:\/\/mindef.gov.cm\/gendarmerie-nationale\/wp-content\/uploads\/sites\/2\/2024\/06\/Gendarmes-du-contingent-2022-9-300x200.jpg\" alt=\"\" width=\"300\" height=\"200\" \/><img loading=\"lazy\" decoding=\"async\" class=\"alignnone size-medium wp-image-5091\" src=\"https:\/\/mindef.gov.cm\/gendarmerie-nationale\/wp-content\/uploads\/sites\/2\/2024\/06\/Gendarmes-du-contingent-2022-5-300x225.jpg\" alt=\"\" width=\"300\" height=\"225\" \/> <img loading=\"lazy\" decoding=\"async\" class=\"alignnone size-medium wp-image-5093\" src=\"https:\/\/mindef.gov.cm\/gendarmerie-nationale\/wp-content\/uploads\/sites\/2\/2024\/06\/Gendarmes-du-contingent-2022-6-300x225.jpg\" alt=\"\" width=\"300\" height=\"225\" \/> <img loading=\"lazy\" decoding=\"async\" class=\"alignnone size-medium wp-image-5095\" src=\"https:\/\/mindef.gov.cm\/gendarmerie-nationale\/wp-content\/uploads\/sites\/2\/2024\/06\/Gendarmes-du-contingent-2022-7-300x225.jpg\" alt=\"\" width=\"300\" height=\"225\" \/><\/p>\n<p>Lors des diff\u00e9rentes allocutions ces d\u00e9sormais Gendarmes ont \u00e9t\u00e9 invit\u00e9s au strict respect de la discipline, au professionnalisme et \u00e0 la rigueur au travail afin de continuer \u00e0 b\u00e9n\u00e9ficier de la confiance de la Haute Hi\u00e9rarchie.<\/p>\n<p><img loading=\"lazy\" decoding=\"async\" class=\"alignnone size-medium wp-image-5097\" src=\"https:\/\/mindef.gov.cm\/gendarmerie-nationale\/wp-content\/uploads\/sites\/2\/2024\/06\/Gendarmes-du-contingent-2022-11-300x200.jpg\" alt=\"\" width=\"300\" height=\"200\" \/><img loading=\"lazy\" decoding=\"async\" class=\"alignnone size-medium wp-image-5099\" src=\"https:\/\/mindef.gov.cm\/gendarmerie-nationale\/wp-content\/uploads\/sites\/2\/2024\/06\/Gendarmes-du-contingent-2022-10-300x200.jpg\" alt=\"\" width=\"300\" height=\"200\" \/><\/p>\n<p><img loading=\"lazy\" decoding=\"async\" class=\"alignnone size-medium wp-image-5101\" src=\"https:\/\/mindef.gov.cm\/gendarmerie-nationale\/wp-content\/uploads\/sites\/2\/2024\/06\/Gendarmes-du-contingent-2022-8-300x225.jpg\" alt=\"\" width=\"300\" height=\"225\" \/> <img loading=\"lazy\" decoding=\"async\" class=\"alignnone size-medium wp-image-5103\" src=\"https:\/\/mindef.gov.cm\/gendarmerie-nationale\/wp-content\/uploads\/sites\/2\/2024\/06\/Gendarmes-du-contingent-2022-12-300x225.jpg\" alt=\"\" width=\"300\" height=\"225\" \/><\/p>\n<p>F\u00e9licitations et bon vent aux promus!<\/p>\n","protected":false},"excerpt":{"rendered":"<p>Apr\u00e8s une ann\u00e9e de formation dans les Centres d\u2019Instruction des Arm\u00e9es et de la Gendarmerie Nationale, et une ann\u00e9e de probation sur le terrain, les \u00c9l\u00e8ves Gendarmes du contingent 2022 ont \u00e9t\u00e9 titularis\u00e9s au grade de Gendarme pour compter du 03 juin 2024. <\/p>\n","protected":false},"author":7,"featured_media":5079,"comment_status":"open","ping_status":"open","sticky":false,"template":"","format":"standard","meta":{"footnotes":""},"categories":[14],"tags":[28,17],"class_list":["post-5078","post","type-post","status-publish","format-standard","has-post-thumbnail","hentry","category-scroll","tag-actualites","tag-banniere"],"yoast_head":"<!-- This site is optimized with the Yoast SEO plugin v23.3 - https:\/\/yoast.com\/wordpress\/plugins\/seo\/ -->\n<title>Les \u00e9l\u00e8ves-Gendarmes du contingent 2022 promus au grade de Gendarmes. - Gendarmerie Nationale<\/title>\n<meta name=\"robots\" content=\"index, follow, max-snippet:-1, max-image-preview:large, max-video-preview:-1\" \/>\n<link rel=\"canonical\" href=\"https:\/\/mindef.gov.cm\/gendarmerie-nationale\/2024\/06\/05\/les-eleves-gendarmes-du-contingent-2022-promus-au-grade-du-gendarmes\/\" \/>\n<meta property=\"og:locale\" content=\"fr_FR\" \/>\n<meta property=\"og:type\" content=\"article\" \/>\n<meta property=\"og:title\" content=\"Les \u00e9l\u00e8ves-Gendarmes du contingent 2022 promus au grade de Gendarmes. - Gendarmerie Nationale\" \/>\n<meta property=\"og:description\" content=\"Apr\u00e8s une ann\u00e9e de formation dans les Centres d\u2019Instruction des Arm\u00e9es et de la Gendarmerie Nationale, et une ann\u00e9e de probation sur le terrain, les \u00c9l\u00e8ves Gendarmes du contingent 2022 ont \u00e9t\u00e9 titularis\u00e9s au grade de Gendarme pour compter du 03 juin 2024.\" \/>\n<meta property=\"og:url\" content=\"https:\/\/mindef.gov.cm\/gendarmerie-nationale\/2024\/06\/05\/les-eleves-gendarmes-du-contingent-2022-promus-au-grade-du-gendarmes\/\" \/>\n<meta property=\"og:site_name\" content=\"Gendarmerie Nationale\" \/>\n<meta property=\"article:published_time\" content=\"2024-06-05T08:39:49+00:00\" \/>\n<meta property=\"article:modified_time\" content=\"2024-06-05T12:33:28+00:00\" \/>\n<meta property=\"og:image\" content=\"https:\/\/mindef.gov.cm\/gendarmerie-nationale\/wp-content\/uploads\/sites\/2\/2024\/06\/Gendarmes-du-contingent-2022-1bis.jpg\" \/>\n\t<meta property=\"og:image:width\" content=\"960\" \/>\n\t<meta property=\"og:image:height\" content=\"640\" \/>\n\t<meta property=\"og:image:type\" content=\"image\/jpeg\" \/>\n<meta name=\"author\" content=\"alextakoutsingstephane02\" \/>\n<meta name=\"twitter:card\" content=\"summary_large_image\" \/>\n<meta name=\"twitter:label1\" content=\"\u00c9crit par\" \/>\n\t<meta name=\"twitter:data1\" content=\"alextakoutsingstephane02\" \/>\n\t<meta name=\"twitter:label2\" content=\"Dur\u00e9e de lecture estim\u00e9e\" \/>\n\t<meta name=\"twitter:data2\" content=\"4 minutes\" \/>\n<script type=\"application\/ld+json\" class=\"yoast-schema-graph\">{\"@context\":\"https:\/\/schema.org\",\"@graph\":[{\"@type\":\"Article\",\"@id\":\"https:\/\/mindef.gov.cm\/gendarmerie-nationale\/2024\/06\/05\/les-eleves-gendarmes-du-contingent-2022-promus-au-grade-du-gendarmes\/#article\",\"isPartOf\":{\"@id\":\"https:\/\/mindef.gov.cm\/gendarmerie-nationale\/2024\/06\/05\/les-eleves-gendarmes-du-contingent-2022-promus-au-grade-du-gendarmes\/\"},\"author\":{\"name\":\"alextakoutsingstephane02\",\"@id\":\"https:\/\/mindef.gov.cm\/gendarmerie-nationale\/#\/schema\/person\/c4651ba7a4086fb25bf9d26c0518a02a\"},\"headline\":\"Les \u00e9l\u00e8ves-Gendarmes du contingent 2022 promus au grade de Gendarmes.\",\"datePublished\":\"2024-06-05T08:39:49+00:00\",\"dateModified\":\"2024-06-05T12:33:28+00:00\",\"mainEntityOfPage\":{\"@id\":\"https:\/\/mindef.gov.cm\/gendarmerie-nationale\/2024\/06\/05\/les-eleves-gendarmes-du-contingent-2022-promus-au-grade-du-gendarmes\/\"},\"wordCount\":171,\"commentCount\":0,\"publisher\":{\"@id\":\"https:\/\/mindef.gov.cm\/gendarmerie-nationale\/#organization\"},\"image\":{\"@id\":\"https:\/\/mindef.gov.cm\/gendarmerie-nationale\/2024\/06\/05\/les-eleves-gendarmes-du-contingent-2022-promus-au-grade-du-gendarmes\/#primaryimage\"},\"thumbnailUrl\":\"https:\/\/mindef.gov.cm\/gendarmerie-nationale\/wp-content\/uploads\/sites\/2\/2024\/06\/Gendarmes-du-contingent-2022-1bis.jpg\",\"keywords\":[\"Actualit\u00e9s\",\"banniere\"],\"articleSection\":[\"scroll\"],\"inLanguage\":\"fr-FR\",\"potentialAction\":[{\"@type\":\"CommentAction\",\"name\":\"Comment\",\"target\":[\"https:\/\/mindef.gov.cm\/gendarmerie-nationale\/2024\/06\/05\/les-eleves-gendarmes-du-contingent-2022-promus-au-grade-du-gendarmes\/#respond\"]}]},{\"@type\":\"WebPage\",\"@id\":\"https:\/\/mindef.gov.cm\/gendarmerie-nationale\/2024\/06\/05\/les-eleves-gendarmes-du-contingent-2022-promus-au-grade-du-gendarmes\/\",\"url\":\"https:\/\/mindef.gov.cm\/gendarmerie-nationale\/2024\/06\/05\/les-eleves-gendarmes-du-contingent-2022-promus-au-grade-du-gendarmes\/\",\"name\":\"Les \u00e9l\u00e8ves-Gendarmes du contingent 2022 promus au grade de Gendarmes. - Gendarmerie Nationale\",\"isPartOf\":{\"@id\":\"https:\/\/mindef.gov.cm\/gendarmerie-nationale\/#website\"},\"primaryImageOfPage\":{\"@id\":\"https:\/\/mindef.gov.cm\/gendarmerie-nationale\/2024\/06\/05\/les-eleves-gendarmes-du-contingent-2022-promus-au-grade-du-gendarmes\/#primaryimage\"},\"image\":{\"@id\":\"https:\/\/mindef.gov.cm\/gendarmerie-nationale\/2024\/06\/05\/les-eleves-gendarmes-du-contingent-2022-promus-au-grade-du-gendarmes\/#primaryimage\"},\"thumbnailUrl\":\"https:\/\/mindef.gov.cm\/gendarmerie-nationale\/wp-content\/uploads\/sites\/2\/2024\/06\/Gendarmes-du-contingent-2022-1bis.jpg\",\"datePublished\":\"2024-06-05T08:39:49+00:00\",\"dateModified\":\"2024-06-05T12:33:28+00:00\",\"breadcrumb\":{\"@id\":\"https:\/\/mindef.gov.cm\/gendarmerie-nationale\/2024\/06\/05\/les-eleves-gendarmes-du-contingent-2022-promus-au-grade-du-gendarmes\/#breadcrumb\"},\"inLanguage\":\"fr-FR\",\"potentialAction\":[{\"@type\":\"ReadAction\",\"target\":[\"https:\/\/mindef.gov.cm\/gendarmerie-nationale\/2024\/06\/05\/les-eleves-gendarmes-du-contingent-2022-promus-au-grade-du-gendarmes\/\"]}]},{\"@type\":\"ImageObject\",\"inLanguage\":\"fr-FR\",\"@id\":\"https:\/\/mindef.gov.cm\/gendarmerie-nationale\/2024\/06\/05\/les-eleves-gendarmes-du-contingent-2022-promus-au-grade-du-gendarmes\/#primaryimage\",\"url\":\"https:\/\/mindef.gov.cm\/gendarmerie-nationale\/wp-content\/uploads\/sites\/2\/2024\/06\/Gendarmes-du-contingent-2022-1bis.jpg\",\"contentUrl\":\"https:\/\/mindef.gov.cm\/gendarmerie-nationale\/wp-content\/uploads\/sites\/2\/2024\/06\/Gendarmes-du-contingent-2022-1bis.jpg\",\"width\":960,\"height\":640},{\"@type\":\"BreadcrumbList\",\"@id\":\"https:\/\/mindef.gov.cm\/gendarmerie-nationale\/2024\/06\/05\/les-eleves-gendarmes-du-contingent-2022-promus-au-grade-du-gendarmes\/#breadcrumb\",\"itemListElement\":[{\"@type\":\"ListItem\",\"position\":1,\"name\":\"Home\",\"item\":\"https:\/\/mindef.gov.cm\/gendarmerie-nationale\/\"},{\"@type\":\"ListItem\",\"position\":2,\"name\":\"Les \u00e9l\u00e8ves-Gendarmes du contingent 2022 promus au grade de Gendarmes.\"}]},{\"@type\":\"WebSite\",\"@id\":\"https:\/\/mindef.gov.cm\/gendarmerie-nationale\/#website\",\"url\":\"https:\/\/mindef.gov.cm\/gendarmerie-nationale\/\",\"name\":\"Gendarmerie Nationale\",\"description\":\"Site Web GENDAMERIE\",\"publisher\":{\"@id\":\"https:\/\/mindef.gov.cm\/gendarmerie-nationale\/#organization\"},\"potentialAction\":[{\"@type\":\"SearchAction\",\"target\":{\"@type\":\"EntryPoint\",\"urlTemplate\":\"https:\/\/mindef.gov.cm\/gendarmerie-nationale\/?s={search_term_string}\"},\"query-input\":\"required name=search_term_string\"}],\"inLanguage\":\"fr-FR\"},{\"@type\":\"Organization\",\"@id\":\"https:\/\/mindef.gov.cm\/gendarmerie-nationale\/#organization\",\"name\":\"Gendarmerie Nationale\",\"url\":\"https:\/\/mindef.gov.cm\/gendarmerie-nationale\/\",\"logo\":{\"@type\":\"ImageObject\",\"inLanguage\":\"fr-FR\",\"@id\":\"https:\/\/mindef.gov.cm\/gendarmerie-nationale\/#\/schema\/logo\/image\/\",\"url\":\"https:\/\/mindef.gov.cm\/gendarmerie-nationale\/wp-content\/uploads\/sites\/2\/2023\/07\/LOGO-MINDEF-PNG-FRANCAIS.png\",\"contentUrl\":\"https:\/\/mindef.gov.cm\/gendarmerie-nationale\/wp-content\/uploads\/sites\/2\/2023\/07\/LOGO-MINDEF-PNG-FRANCAIS.png\",\"width\":2126,\"height\":478,\"caption\":\"Gendarmerie Nationale\"},\"image\":{\"@id\":\"https:\/\/mindef.gov.cm\/gendarmerie-nationale\/#\/schema\/logo\/image\/\"}},{\"@type\":\"Person\",\"@id\":\"https:\/\/mindef.gov.cm\/gendarmerie-nationale\/#\/schema\/person\/c4651ba7a4086fb25bf9d26c0518a02a\",\"name\":\"alextakoutsingstephane02\",\"image\":{\"@type\":\"ImageObject\",\"inLanguage\":\"fr-FR\",\"@id\":\"https:\/\/mindef.gov.cm\/gendarmerie-nationale\/#\/schema\/person\/image\/\",\"url\":\"https:\/\/secure.gravatar.com\/avatar\/deb2059ceeac4997bfe3fcd2696ea10a?s=96&d=mm&r=g\",\"contentUrl\":\"https:\/\/secure.gravatar.com\/avatar\/deb2059ceeac4997bfe3fcd2696ea10a?s=96&d=mm&r=g\",\"caption\":\"alextakoutsingstephane02\"},\"url\":\"https:\/\/mindef.gov.cm\/gendarmerie-nationale\/author\/alextakoutsingstephane02\/\"}]}<\/script>\n<!-- \/ Yoast SEO plugin. -->","yoast_head_json":{"title":"Les \u00e9l\u00e8ves-Gendarmes du contingent 2022 promus au grade de Gendarmes. - Gendarmerie Nationale","robots":{"index":"index","follow":"follow","max-snippet":"max-snippet:-1","max-image-preview":"max-image-preview:large","max-video-preview":"max-video-preview:-1"},"canonical":"https:\/\/mindef.gov.cm\/gendarmerie-nationale\/2024\/06\/05\/les-eleves-gendarmes-du-contingent-2022-promus-au-grade-du-gendarmes\/","og_locale":"fr_FR","og_type":"article","og_title":"Les \u00e9l\u00e8ves-Gendarmes du contingent 2022 promus au grade de Gendarmes. - Gendarmerie Nationale","og_description":"Apr\u00e8s une ann\u00e9e de formation dans les Centres d\u2019Instruction des Arm\u00e9es et de la Gendarmerie Nationale, et une ann\u00e9e de probation sur le terrain, les \u00c9l\u00e8ves Gendarmes du contingent 2022 ont \u00e9t\u00e9 titularis\u00e9s au grade de Gendarme pour compter du 03 juin 2024.","og_url":"https:\/\/mindef.gov.cm\/gendarmerie-nationale\/2024\/06\/05\/les-eleves-gendarmes-du-contingent-2022-promus-au-grade-du-gendarmes\/","og_site_name":"Gendarmerie Nationale","article_published_time":"2024-06-05T08:39:49+00:00","article_modified_time":"2024-06-05T12:33:28+00:00","og_image":[{"width":960,"height":640,"url":"https:\/\/mindef.gov.cm\/gendarmerie-nationale\/wp-content\/uploads\/sites\/2\/2024\/06\/Gendarmes-du-contingent-2022-1bis.jpg","type":"image\/jpeg"}],"author":"alextakoutsingstephane02","twitter_card":"summary_large_image","twitter_misc":{"\u00c9crit par":"alextakoutsingstephane02","Dur\u00e9e de lecture estim\u00e9e":"4 minutes"},"schema":{"@context":"https:\/\/schema.org","@graph":[{"@type":"Article","@id":"https:\/\/mindef.gov.cm\/gendarmerie-nationale\/2024\/06\/05\/les-eleves-gendarmes-du-contingent-2022-promus-au-grade-du-gendarmes\/#article","isPartOf":{"@id":"https:\/\/mindef.gov.cm\/gendarmerie-nationale\/2024\/06\/05\/les-eleves-gendarmes-du-contingent-2022-promus-au-grade-du-gendarmes\/"},"author":{"name":"alextakoutsingstephane02","@id":"https:\/\/mindef.gov.cm\/gendarmerie-nationale\/#\/schema\/person\/c4651ba7a4086fb25bf9d26c0518a02a"},"headline":"Les \u00e9l\u00e8ves-Gendarmes du contingent 2022 promus au grade de Gendarmes.","datePublished":"2024-06-05T08:39:49+00:00","dateModified":"2024-06-05T12:33:28+00:00","mainEntityOfPage":{"@id":"https:\/\/mindef.gov.cm\/gendarmerie-nationale\/2024\/06\/05\/les-eleves-gendarmes-du-contingent-2022-promus-au-grade-du-gendarmes\/"},"wordCount":171,"commentCount":0,"publisher":{"@id":"https:\/\/mindef.gov.cm\/gendarmerie-nationale\/#organization"},"image":{"@id":"https:\/\/mindef.gov.cm\/gendarmerie-nationale\/2024\/06\/05\/les-eleves-gendarmes-du-contingent-2022-promus-au-grade-du-gendarmes\/#primaryimage"},"thumbnailUrl":"https:\/\/mindef.gov.cm\/gendarmerie-nationale\/wp-content\/uploads\/sites\/2\/2024\/06\/Gendarmes-du-contingent-2022-1bis.jpg","keywords":["Actualit\u00e9s","banniere"],"articleSection":["scroll"],"inLanguage":"fr-FR","potentialAction":[{"@type":"CommentAction","name":"Comment","target":["https:\/\/mindef.gov.cm\/gendarmerie-nationale\/2024\/06\/05\/les-eleves-gendarmes-du-contingent-2022-promus-au-grade-du-gendarmes\/#respond"]}]},{"@type":"WebPage","@id":"https:\/\/mindef.gov.cm\/gendarmerie-nationale\/2024\/06\/05\/les-eleves-gendarmes-du-contingent-2022-promus-au-grade-du-gendarmes\/","url":"https:\/\/mindef.gov.cm\/gendarmerie-nationale\/2024\/06\/05\/les-eleves-gendarmes-du-contingent-2022-promus-au-grade-du-gendarmes\/","name":"Les \u00e9l\u00e8ves-Gendarmes du contingent 2022 promus au grade de Gendarmes. - Gendarmerie Nationale","isPartOf":{"@id":"https:\/\/mindef.gov.cm\/gendarmerie-nationale\/#website"},"primaryImageOfPage":{"@id":"https:\/\/mindef.gov.cm\/gendarmerie-nationale\/2024\/06\/05\/les-eleves-gendarmes-du-contingent-2022-promus-au-grade-du-gendarmes\/#primaryimage"},"image":{"@id":"https:\/\/mindef.gov.cm\/gendarmerie-nationale\/2024\/06\/05\/les-eleves-gendarmes-du-contingent-2022-promus-au-grade-du-gendarmes\/#primaryimage"},"thumbnailUrl":"https:\/\/mindef.gov.cm\/gendarmerie-nationale\/wp-content\/uploads\/sites\/2\/2024\/06\/Gendarmes-du-contingent-2022-1bis.jpg","datePublished":"2024-06-05T08:39:49+00:00","dateModified":"2024-06-05T12:33:28+00:00","breadcrumb":{"@id":"https:\/\/mindef.gov.cm\/gendarmerie-nationale\/2024\/06\/05\/les-eleves-gendarmes-du-contingent-2022-promus-au-grade-du-gendarmes\/#breadcrumb"},"inLanguage":"fr-FR","potentialAction":[{"@type":"ReadAction","target":["https:\/\/mindef.gov.cm\/gendarmerie-nationale\/2024\/06\/05\/les-eleves-gendarmes-du-contingent-2022-promus-au-grade-du-gendarmes\/"]}]},{"@type":"ImageObject","inLanguage":"fr-FR","@id":"https:\/\/mindef.gov.cm\/gendarmerie-nationale\/2024\/06\/05\/les-eleves-gendarmes-du-contingent-2022-promus-au-grade-du-gendarmes\/#primaryimage","url":"https:\/\/mindef.gov.cm\/gendarmerie-nationale\/wp-content\/uploads\/sites\/2\/2024\/06\/Gendarmes-du-contingent-2022-1bis.jpg","contentUrl":"https:\/\/mindef.gov.cm\/gendarmerie-nationale\/wp-content\/uploads\/sites\/2\/2024\/06\/Gendarmes-du-contingent-2022-1bis.jpg","width":960,"height":640},{"@type":"BreadcrumbList","@id":"https:\/\/mindef.gov.cm\/gendarmerie-nationale\/2024\/06\/05\/les-eleves-gendarmes-du-contingent-2022-promus-au-grade-du-gendarmes\/#breadcrumb","itemListElement":[{"@type":"ListItem","position":1,"name":"Home","item":"https:\/\/mindef.gov.cm\/gendarmerie-nationale\/"},{"@type":"ListItem","position":2,"name":"Les \u00e9l\u00e8ves-Gendarmes du contingent 2022 promus au grade de Gendarmes."}]},{"@type":"WebSite","@id":"https:\/\/mindef.gov.cm\/gendarmerie-nationale\/#website","url":"https:\/\/mindef.gov.cm\/gendarmerie-nationale\/","name":"Gendarmerie Nationale","description":"Site Web GENDAMERIE","publisher":{"@id":"https:\/\/mindef.gov.cm\/gendarmerie-nationale\/#organization"},"potentialAction":[{"@type":"SearchAction","target":{"@type":"EntryPoint","urlTemplate":"https:\/\/mindef.gov.cm\/gendarmerie-nationale\/?s={search_term_string}"},"query-input":"required name=search_term_string"}],"inLanguage":"fr-FR"},{"@type":"Organization","@id":"https:\/\/mindef.gov.cm\/gendarmerie-nationale\/#organization","name":"Gendarmerie Nationale","url":"https:\/\/mindef.gov.cm\/gendarmerie-nationale\/","logo":{"@type":"ImageObject","inLanguage":"fr-FR","@id":"https:\/\/mindef.gov.cm\/gendarmerie-nationale\/#\/schema\/logo\/image\/","url":"https:\/\/mindef.gov.cm\/gendarmerie-nationale\/wp-content\/uploads\/sites\/2\/2023\/07\/LOGO-MINDEF-PNG-FRANCAIS.png","contentUrl":"https:\/\/mindef.gov.cm\/gendarmerie-nationale\/wp-content\/uploads\/sites\/2\/2023\/07\/LOGO-MINDEF-PNG-FRANCAIS.png","width":2126,"height":478,"caption":"Gendarmerie Nationale"},"image":{"@id":"https:\/\/mindef.gov.cm\/gendarmerie-nationale\/#\/schema\/logo\/image\/"}},{"@type":"Person","@id":"https:\/\/mindef.gov.cm\/gendarmerie-nationale\/#\/schema\/person\/c4651ba7a4086fb25bf9d26c0518a02a","name":"alextakoutsingstephane02","image":{"@type":"ImageObject","inLanguage":"fr-FR","@id":"https:\/\/mindef.gov.cm\/gendarmerie-nationale\/#\/schema\/person\/image\/","url":"https:\/\/secure.gravatar.com\/avatar\/deb2059ceeac4997bfe3fcd2696ea10a?s=96&d=mm&r=g","contentUrl":"https:\/\/secure.gravatar.com\/avatar\/deb2059ceeac4997bfe3fcd2696ea10a?s=96&d=mm&r=g","caption":"alextakoutsingstephane02"},"url":"https:\/\/mindef.gov.cm\/gendarmerie-nationale\/author\/alextakoutsingstephane02\/"}]}},"rttpg_featured_image_url":{"full":["https:\/\/mindef.gov.cm\/gendarmerie-nationale\/wp-content\/uploads\/sites\/2\/2024\/06\/Gendarmes-du-contingent-2022-1bis.jpg",960,640,false],"landscape":["https:\/\/mindef.gov.cm\/gendarmerie-nationale\/wp-content\/uploads\/sites\/2\/2024\/06\/Gendarmes-du-contingent-2022-1bis.jpg",960,640,false],"portraits":["https:\/\/mindef.gov.cm\/gendarmerie-nationale\/wp-content\/uploads\/sites\/2\/2024\/06\/Gendarmes-du-contingent-2022-1bis.jpg",960,640,false],"thumbnail":["https:\/\/mindef.gov.cm\/gendarmerie-nationale\/wp-content\/uploads\/sites\/2\/2024\/06\/Gendarmes-du-contingent-2022-1bis-150x150.jpg",150,150,true],"medium":["https:\/\/mindef.gov.cm\/gendarmerie-nationale\/wp-content\/uploads\/sites\/2\/2024\/06\/Gendarmes-du-contingent-2022-1bis-300x200.jpg",300,200,true],"large":["https:\/\/mindef.gov.cm\/gendarmerie-nationale\/wp-content\/uploads\/sites\/2\/2024\/06\/Gendarmes-du-contingent-2022-1bis.jpg",800,533,false],"1536x1536":["https:\/\/mindef.gov.cm\/gendarmerie-nationale\/wp-content\/uploads\/sites\/2\/2024\/06\/Gendarmes-du-contingent-2022-1bis.jpg",960,640,false],"2048x2048":["https:\/\/mindef.gov.cm\/gendarmerie-nationale\/wp-content\/uploads\/sites\/2\/2024\/06\/Gendarmes-du-contingent-2022-1bis.jpg",960,640,false],"htmega_size_585x295":["https:\/\/mindef.gov.cm\/gendarmerie-nationale\/wp-content\/uploads\/sites\/2\/2024\/06\/Gendarmes-du-contingent-2022-1bis-585x295.jpg",585,295,true],"htmega_size_1170x536":["https:\/\/mindef.gov.cm\/gendarmerie-nationale\/wp-content\/uploads\/sites\/2\/2024\/06\/Gendarmes-du-contingent-2022-1bis-960x536.jpg",960,536,true],"htmega_size_396x360":["https:\/\/mindef.gov.cm\/gendarmerie-nationale\/wp-content\/uploads\/sites\/2\/2024\/06\/Gendarmes-du-contingent-2022-1bis-396x360.jpg",396,360,true],"rt_custom":["https:\/\/mindef.gov.cm\/gendarmerie-nationale\/wp-content\/uploads\/sites\/2\/2024\/06\/Gendarmes-du-contingent-2022-1bis.jpg",960,640,false]},"rttpg_author":{"display_name":"alextakoutsingstephane02","author_link":"https:\/\/mindef.gov.cm\/gendarmerie-nationale\/author\/alextakoutsingstephane02\/"},"rttpg_comment":0,"rttpg_category":"<a href=\"https:\/\/mindef.gov.cm\/gendarmerie-nationale\/category\/scroll\/\" rel=\"category tag\">scroll<\/a>","rttpg_excerpt":"Apr\u00e8s une ann\u00e9e de formation dans les Centres d\u2019Instruction des Arm\u00e9es et de la Gendarmerie Nationale, et une ann\u00e9e de probation sur le terrain, les \u00c9l\u00e8ves Gendarmes du contingent 2022 ont \u00e9t\u00e9 titularis\u00e9s au grade de Gendarme pour compter du 03 juin 2024.","_links":{"self":[{"href":"https:\/\/mindef.gov.cm\/gendarmerie-nationale\/wp-json\/wp\/v2\/posts\/5078","targetHints":{"allow":["GET"]}}],"collection":[{"href":"https:\/\/mindef.gov.cm\/gendarmerie-nationale\/wp-json\/wp\/v2\/posts"}],"about":[{"href":"https:\/\/mindef.gov.cm\/gendarmerie-nationale\/wp-json\/wp\/v2\/types\/post"}],"author":[{"embeddable":true,"href":"https:\/\/mindef.gov.cm\/gendarmerie-nationale\/wp-json\/wp\/v2\/users\/7"}],"replies":[{"embeddable":true,"href":"https:\/\/mindef.gov.cm\/gendarmerie-nationale\/wp-json\/wp\/v2\/comments?post=5078"}],"version-history":[{"count":0,"href":"https:\/\/mindef.gov.cm\/gendarmerie-nationale\/wp-json\/wp\/v2\/posts\/5078\/revisions"}],"wp:featuredmedia":[{"embeddable":true,"href":"https:\/\/mindef.gov.cm\/gendarmerie-nationale\/wp-json\/wp\/v2\/media\/5079"}],"wp:attachment":[{"href":"https:\/\/mindef.gov.cm\/gendarmerie-nationale\/wp-json\/wp\/v2\/media?parent=5078"}],"wp:term":[{"taxonomy":"category","embeddable":true,"href":"https:\/\/mindef.gov.cm\/gendarmerie-nationale\/wp-json\/wp\/v2\/categories?post=5078"},{"taxonomy":"post_tag","embeddable":true,"href":"https:\/\/mindef.gov.cm\/gendarmerie-nationale\/wp-json\/wp\/v2\/tags?post=5078"}],"curies":[{"name":"wp","href":"https:\/\/api.w.org\/{rel}","templated":true}]}}