{"id":5354,"date":"2024-07-19T10:40:20","date_gmt":"2024-07-19T08:40:20","guid":{"rendered":"https:\/\/mindef.gov.cm\/gendarmerie-nationale\/?p=5354"},"modified":"2024-07-19T10:40:20","modified_gmt":"2024-07-19T08:40:20","slug":"le-colonel-ondjaa-jacques-vincent-de-paul-fait-ses-adieux-aux-armes","status":"publish","type":"post","link":"https:\/\/mindef.gov.cm\/gendarmerie-nationale\/2024\/07\/19\/le-colonel-ondjaa-jacques-vincent-de-paul-fait-ses-adieux-aux-armes\/","title":{"rendered":"Le Colonel ONDJA\u2019A Jacques Vincent de Paul fait ses adieux aux Armes"},"content":{"rendered":"<p>C&#8217;\u00e9tait en pr\u00e9sence du G\u00e9n\u00e9ral de Brigade BITOTE Andr\u00e9 Patrice, Directeur G\u00e9n\u00e9ral de l\u2019\u00c9cole Internationale des Forces de S\u00e9curit\u00e9 (DG\/EIFORCES), et d&#8217;un parterre de personnes, Officiers, Sous-officiers, Personnels Civils, famille et amis, venues t\u00e9moigner leur amiti\u00e9 et leur reconnaissance envers celui qui \u00e9tait leur collaborateur et leur camarade de promotion.<\/p>\n<p><img fetchpriority=\"high\" decoding=\"async\" class=\"alignnone size-full wp-image-5361\" src=\"https:\/\/mindef.gov.cm\/gendarmerie-nationale\/wp-content\/uploads\/sites\/2\/2024\/07\/ONDJAA-Jacques-Vincent-1.jpg\" alt=\"\" width=\"960\" height=\"639\" \/><\/p>\n<p><img decoding=\"async\" class=\"alignnone size-full wp-image-5363\" src=\"https:\/\/mindef.gov.cm\/gendarmerie-nationale\/wp-content\/uploads\/sites\/2\/2024\/07\/ONDJAA-Jacques-Vincent-5.jpg\" alt=\"\" width=\"960\" height=\"639\" \/><\/p>\n<p>N\u00e9 le 11 juillet 1966, cet originaire de Zo\u00e9t\u00e9l\u00e9 a int\u00e9gr\u00e9 l\u2019EMIA en 1990. Homme p\u00e9tri d&#8217;exp\u00e9rience, cet Officier sup\u00e9rieur s&#8217;est distingu\u00e9 durant sa carri\u00e8re par son sens du devoir, son d\u00e9vouement et son amour pour le travail bien fait. Il a d&#8217;ailleurs occup\u00e9 avec comp\u00e9tence de nombreux postes de responsabilit\u00e9 dans les Forces de D\u00e9fense.<\/p>\n<p>Issu de la promotion &#8220;30e anniversaire de l&#8217;ind\u00e9pendance&#8221; il a par ailleurs particip\u00e9 \u00e0 la D\u00e9fense Op\u00e9rationnelle du Territoire (DOT) \u00e0 Bakassi en 1996. Il a \u00e9galement mis sa comp\u00e9tence au service des institutions \u00e9trang\u00e8res telles que l&#8217;UA et l&#8217;ONU en tant qu\u2019Observateur Militaire dans le cadre du conflit au Darfour entre 2006 et 2007.<\/p>\n<p><img decoding=\"async\" class=\"alignnone size-full wp-image-5365\" src=\"https:\/\/mindef.gov.cm\/gendarmerie-nationale\/wp-content\/uploads\/sites\/2\/2024\/07\/ONDJAA-Jacques-Vincent-6.jpg\" alt=\"\" width=\"960\" height=\"639\" \/><\/p>\n<p><img loading=\"lazy\" decoding=\"async\" class=\"alignnone size-full wp-image-5369\" src=\"https:\/\/mindef.gov.cm\/gendarmerie-nationale\/wp-content\/uploads\/sites\/2\/2024\/07\/ONDJAA-Jacques-Vincent-7.jpg\" alt=\"\" width=\"960\" height=\"639\" \/><\/p>\n<p>Prenant la parole apr\u00e8s la pri\u00e8re d\u2019ouverture de la c\u00e9r\u00e9monie, le Colonel ONDJA&#8217;A Jacques Vincent de Paul a exprim\u00e9 sa profonde gratitude au Haut Commandement pour la confiance accord\u00e9e durant ses 34 ann\u00e9es pass\u00e9es sous le drapeau. L&#8217;Officier Sup\u00e9rieur s&#8217;est \u00e9galement d\u00e9clar\u00e9 heureux de d\u00e9poser les armes apr\u00e8s autant d&#8217;ann\u00e9es \u00e0 servir la Nation.<\/p>\n<p><img loading=\"lazy\" decoding=\"async\" class=\"alignnone size-full wp-image-5359\" src=\"https:\/\/mindef.gov.cm\/gendarmerie-nationale\/wp-content\/uploads\/sites\/2\/2024\/07\/ONDJAA-Jacques-Vincent-4.jpg\" alt=\"\" width=\"960\" height=\"639\" \/><\/p>\n<p><img loading=\"lazy\" decoding=\"async\" class=\"alignnone size-full wp-image-5371\" src=\"https:\/\/mindef.gov.cm\/gendarmerie-nationale\/wp-content\/uploads\/sites\/2\/2024\/07\/ONDJAA-Jacques-Vincent-8.jpg\" alt=\"\" width=\"960\" height=\"639\" \/><\/p>\n<p>Dans son discours de circonstance, le Colonel COMECIG n&#8217;a pas tari d&#8217;\u00e9loges vis \u00e0 vis de celui qui \u00e9tait son collaborateur. Il lui a au passage fait savoir que la retraite n&#8217;est pas une fatalit\u00e9 mais une nouvelle opportunit\u00e9 que la vie lui offre.<\/p>\n<p><img loading=\"lazy\" decoding=\"async\" class=\"alignnone size-full wp-image-5373\" src=\"https:\/\/mindef.gov.cm\/gendarmerie-nationale\/wp-content\/uploads\/sites\/2\/2024\/07\/ONDJAA-Jacques-Vincent-3-1.jpg\" alt=\"\" width=\"960\" height=\"639\" \/> <img loading=\"lazy\" decoding=\"async\" class=\"alignnone size-full wp-image-5375\" src=\"https:\/\/mindef.gov.cm\/gendarmerie-nationale\/wp-content\/uploads\/sites\/2\/2024\/07\/ONDJAA-Jacques-Vincent-9.jpg\" alt=\"\" width=\"1600\" height=\"1066\" \/><\/p>\n<p>En guise de reconnaissance pour avoir servi la Nation pendant plusieurs ann\u00e9es avec &#8221;Honneur et Fid\u00e9lit\u00e9&#8221;, le Haut Commandement a d\u00e9cern\u00e9 au Colonel ONDJA&#8217;A Jacques Vincent de Paul une attestation de &#8221;T\u00e9moignage de Satisfaction&#8221;.<\/p>\n<p>BON VENT CHER CAMARADE !<\/p>\n","protected":false},"excerpt":{"rendered":"<p>Le Colonel ENGOZO\u2019O Sylvain, Commandant des \u00c9coles et Centres d\u2019Instruction de la Gendarmerie (COMECIG), Repr\u00e9sentant M. le SED\/CGN, a pr\u00e9sid\u00e9, mercredi 17 juillet 2024, au Foyer du Commandement des \u00c9coles et Centres d&#8217;Instruction de la Gendarmerie (CECIG), le cocktail des adieux aux Armes du Colonel ONDJA&#8217;A Jacques Vincent de Paul.<\/p>\n","protected":false},"author":1,"featured_media":5355,"comment_status":"open","ping_status":"open","sticky":false,"template":"","format":"standard","meta":{"footnotes":""},"categories":[14],"tags":[28,17],"class_list":["post-5354","post","type-post","status-publish","format-standard","has-post-thumbnail","hentry","category-scroll","tag-actualites","tag-banniere"],"yoast_head":"<!-- This site is optimized with the Yoast SEO plugin v23.3 - https:\/\/yoast.com\/wordpress\/plugins\/seo\/ -->\n<title>Le Colonel ONDJA\u2019A Jacques Vincent de Paul fait ses adieux aux Armes - Gendarmerie Nationale<\/title>\n<meta name=\"robots\" content=\"index, follow, max-snippet:-1, max-image-preview:large, max-video-preview:-1\" \/>\n<link rel=\"canonical\" href=\"https:\/\/mindef.gov.cm\/gendarmerie-nationale\/2024\/07\/19\/le-colonel-ondjaa-jacques-vincent-de-paul-fait-ses-adieux-aux-armes\/\" \/>\n<meta property=\"og:locale\" content=\"fr_FR\" \/>\n<meta property=\"og:type\" content=\"article\" \/>\n<meta property=\"og:title\" content=\"Le Colonel ONDJA\u2019A Jacques Vincent de Paul fait ses adieux aux Armes - Gendarmerie Nationale\" \/>\n<meta property=\"og:description\" content=\"Le Colonel ENGOZO\u2019O Sylvain, Commandant des \u00c9coles et Centres d\u2019Instruction de la Gendarmerie (COMECIG), Repr\u00e9sentant M. le SED\/CGN, a pr\u00e9sid\u00e9, mercredi 17 juillet 2024, au Foyer du Commandement des \u00c9coles et Centres d&#039;Instruction de la Gendarmerie (CECIG), le cocktail des adieux aux Armes du Colonel ONDJA&#039;A Jacques Vincent de Paul.\" \/>\n<meta property=\"og:url\" content=\"https:\/\/mindef.gov.cm\/gendarmerie-nationale\/2024\/07\/19\/le-colonel-ondjaa-jacques-vincent-de-paul-fait-ses-adieux-aux-armes\/\" \/>\n<meta property=\"og:site_name\" content=\"Gendarmerie Nationale\" \/>\n<meta property=\"article:published_time\" content=\"2024-07-19T08:40:20+00:00\" \/>\n<meta property=\"og:image\" content=\"https:\/\/mindef.gov.cm\/gendarmerie-nationale\/wp-content\/uploads\/sites\/2\/2024\/07\/ONDJAA-Jacques-Vincent-2.jpg\" \/>\n\t<meta property=\"og:image:width\" content=\"960\" \/>\n\t<meta property=\"og:image:height\" content=\"639\" \/>\n\t<meta property=\"og:image:type\" content=\"image\/jpeg\" \/>\n<meta name=\"author\" content=\"ricaldorichard237@gmail.com\" \/>\n<meta name=\"twitter:card\" content=\"summary_large_image\" \/>\n<meta name=\"twitter:label1\" content=\"\u00c9crit par\" \/>\n\t<meta name=\"twitter:data1\" content=\"ricaldorichard237@gmail.com\" \/>\n\t<meta name=\"twitter:label2\" content=\"Dur\u00e9e de lecture estim\u00e9e\" \/>\n\t<meta name=\"twitter:data2\" content=\"4 minutes\" \/>\n<script type=\"application\/ld+json\" class=\"yoast-schema-graph\">{\"@context\":\"https:\/\/schema.org\",\"@graph\":[{\"@type\":\"Article\",\"@id\":\"https:\/\/mindef.gov.cm\/gendarmerie-nationale\/2024\/07\/19\/le-colonel-ondjaa-jacques-vincent-de-paul-fait-ses-adieux-aux-armes\/#article\",\"isPartOf\":{\"@id\":\"https:\/\/mindef.gov.cm\/gendarmerie-nationale\/2024\/07\/19\/le-colonel-ondjaa-jacques-vincent-de-paul-fait-ses-adieux-aux-armes\/\"},\"author\":{\"name\":\"ricaldorichard237@gmail.com\",\"@id\":\"https:\/\/mindef.gov.cm\/gendarmerie-nationale\/#\/schema\/person\/c7c5e12cdabfea449884eaa288241182\"},\"headline\":\"Le Colonel ONDJA\u2019A Jacques Vincent de Paul fait ses adieux aux Armes\",\"datePublished\":\"2024-07-19T08:40:20+00:00\",\"dateModified\":\"2024-07-19T08:40:20+00:00\",\"mainEntityOfPage\":{\"@id\":\"https:\/\/mindef.gov.cm\/gendarmerie-nationale\/2024\/07\/19\/le-colonel-ondjaa-jacques-vincent-de-paul-fait-ses-adieux-aux-armes\/\"},\"wordCount\":358,\"commentCount\":0,\"publisher\":{\"@id\":\"https:\/\/mindef.gov.cm\/gendarmerie-nationale\/#organization\"},\"image\":{\"@id\":\"https:\/\/mindef.gov.cm\/gendarmerie-nationale\/2024\/07\/19\/le-colonel-ondjaa-jacques-vincent-de-paul-fait-ses-adieux-aux-armes\/#primaryimage\"},\"thumbnailUrl\":\"https:\/\/mindef.gov.cm\/gendarmerie-nationale\/wp-content\/uploads\/sites\/2\/2024\/07\/ONDJAA-Jacques-Vincent-2.jpg\",\"keywords\":[\"Actualit\u00e9s\",\"banniere\"],\"articleSection\":[\"scroll\"],\"inLanguage\":\"fr-FR\",\"potentialAction\":[{\"@type\":\"CommentAction\",\"name\":\"Comment\",\"target\":[\"https:\/\/mindef.gov.cm\/gendarmerie-nationale\/2024\/07\/19\/le-colonel-ondjaa-jacques-vincent-de-paul-fait-ses-adieux-aux-armes\/#respond\"]}]},{\"@type\":\"WebPage\",\"@id\":\"https:\/\/mindef.gov.cm\/gendarmerie-nationale\/2024\/07\/19\/le-colonel-ondjaa-jacques-vincent-de-paul-fait-ses-adieux-aux-armes\/\",\"url\":\"https:\/\/mindef.gov.cm\/gendarmerie-nationale\/2024\/07\/19\/le-colonel-ondjaa-jacques-vincent-de-paul-fait-ses-adieux-aux-armes\/\",\"name\":\"Le Colonel ONDJA\u2019A Jacques Vincent de Paul fait ses adieux aux Armes - Gendarmerie Nationale\",\"isPartOf\":{\"@id\":\"https:\/\/mindef.gov.cm\/gendarmerie-nationale\/#website\"},\"primaryImageOfPage\":{\"@id\":\"https:\/\/mindef.gov.cm\/gendarmerie-nationale\/2024\/07\/19\/le-colonel-ondjaa-jacques-vincent-de-paul-fait-ses-adieux-aux-armes\/#primaryimage\"},\"image\":{\"@id\":\"https:\/\/mindef.gov.cm\/gendarmerie-nationale\/2024\/07\/19\/le-colonel-ondjaa-jacques-vincent-de-paul-fait-ses-adieux-aux-armes\/#primaryimage\"},\"thumbnailUrl\":\"https:\/\/mindef.gov.cm\/gendarmerie-nationale\/wp-content\/uploads\/sites\/2\/2024\/07\/ONDJAA-Jacques-Vincent-2.jpg\",\"datePublished\":\"2024-07-19T08:40:20+00:00\",\"dateModified\":\"2024-07-19T08:40:20+00:00\",\"breadcrumb\":{\"@id\":\"https:\/\/mindef.gov.cm\/gendarmerie-nationale\/2024\/07\/19\/le-colonel-ondjaa-jacques-vincent-de-paul-fait-ses-adieux-aux-armes\/#breadcrumb\"},\"inLanguage\":\"fr-FR\",\"potentialAction\":[{\"@type\":\"ReadAction\",\"target\":[\"https:\/\/mindef.gov.cm\/gendarmerie-nationale\/2024\/07\/19\/le-colonel-ondjaa-jacques-vincent-de-paul-fait-ses-adieux-aux-armes\/\"]}]},{\"@type\":\"ImageObject\",\"inLanguage\":\"fr-FR\",\"@id\":\"https:\/\/mindef.gov.cm\/gendarmerie-nationale\/2024\/07\/19\/le-colonel-ondjaa-jacques-vincent-de-paul-fait-ses-adieux-aux-armes\/#primaryimage\",\"url\":\"https:\/\/mindef.gov.cm\/gendarmerie-nationale\/wp-content\/uploads\/sites\/2\/2024\/07\/ONDJAA-Jacques-Vincent-2.jpg\",\"contentUrl\":\"https:\/\/mindef.gov.cm\/gendarmerie-nationale\/wp-content\/uploads\/sites\/2\/2024\/07\/ONDJAA-Jacques-Vincent-2.jpg\",\"width\":960,\"height\":639},{\"@type\":\"BreadcrumbList\",\"@id\":\"https:\/\/mindef.gov.cm\/gendarmerie-nationale\/2024\/07\/19\/le-colonel-ondjaa-jacques-vincent-de-paul-fait-ses-adieux-aux-armes\/#breadcrumb\",\"itemListElement\":[{\"@type\":\"ListItem\",\"position\":1,\"name\":\"Home\",\"item\":\"https:\/\/mindef.gov.cm\/gendarmerie-nationale\/\"},{\"@type\":\"ListItem\",\"position\":2,\"name\":\"Le Colonel ONDJA\u2019A Jacques Vincent de Paul fait ses adieux aux Armes\"}]},{\"@type\":\"WebSite\",\"@id\":\"https:\/\/mindef.gov.cm\/gendarmerie-nationale\/#website\",\"url\":\"https:\/\/mindef.gov.cm\/gendarmerie-nationale\/\",\"name\":\"Gendarmerie Nationale\",\"description\":\"Site Web GENDAMERIE\",\"publisher\":{\"@id\":\"https:\/\/mindef.gov.cm\/gendarmerie-nationale\/#organization\"},\"potentialAction\":[{\"@type\":\"SearchAction\",\"target\":{\"@type\":\"EntryPoint\",\"urlTemplate\":\"https:\/\/mindef.gov.cm\/gendarmerie-nationale\/?s={search_term_string}\"},\"query-input\":\"required name=search_term_string\"}],\"inLanguage\":\"fr-FR\"},{\"@type\":\"Organization\",\"@id\":\"https:\/\/mindef.gov.cm\/gendarmerie-nationale\/#organization\",\"name\":\"Gendarmerie Nationale\",\"url\":\"https:\/\/mindef.gov.cm\/gendarmerie-nationale\/\",\"logo\":{\"@type\":\"ImageObject\",\"inLanguage\":\"fr-FR\",\"@id\":\"https:\/\/mindef.gov.cm\/gendarmerie-nationale\/#\/schema\/logo\/image\/\",\"url\":\"https:\/\/mindef.gov.cm\/gendarmerie-nationale\/wp-content\/uploads\/sites\/2\/2023\/07\/LOGO-MINDEF-PNG-FRANCAIS.png\",\"contentUrl\":\"https:\/\/mindef.gov.cm\/gendarmerie-nationale\/wp-content\/uploads\/sites\/2\/2023\/07\/LOGO-MINDEF-PNG-FRANCAIS.png\",\"width\":2126,\"height\":478,\"caption\":\"Gendarmerie Nationale\"},\"image\":{\"@id\":\"https:\/\/mindef.gov.cm\/gendarmerie-nationale\/#\/schema\/logo\/image\/\"}},{\"@type\":\"Person\",\"@id\":\"https:\/\/mindef.gov.cm\/gendarmerie-nationale\/#\/schema\/person\/c7c5e12cdabfea449884eaa288241182\",\"name\":\"ricaldorichard237@gmail.com\",\"image\":{\"@type\":\"ImageObject\",\"inLanguage\":\"fr-FR\",\"@id\":\"https:\/\/mindef.gov.cm\/gendarmerie-nationale\/#\/schema\/person\/image\/\",\"url\":\"https:\/\/secure.gravatar.com\/avatar\/cfa05125461486526b4e04bb167e98d2?s=96&d=mm&r=g\",\"contentUrl\":\"https:\/\/secure.gravatar.com\/avatar\/cfa05125461486526b4e04bb167e98d2?s=96&d=mm&r=g\",\"caption\":\"ricaldorichard237@gmail.com\"},\"sameAs\":[\"https:\/\/mindef.gov.cm\"],\"url\":\"https:\/\/mindef.gov.cm\/gendarmerie-nationale\/author\/ricaldorichard237gmail-com\/\"}]}<\/script>\n<!-- \/ Yoast SEO plugin. -->","yoast_head_json":{"title":"Le Colonel ONDJA\u2019A Jacques Vincent de Paul fait ses adieux aux Armes - Gendarmerie Nationale","robots":{"index":"index","follow":"follow","max-snippet":"max-snippet:-1","max-image-preview":"max-image-preview:large","max-video-preview":"max-video-preview:-1"},"canonical":"https:\/\/mindef.gov.cm\/gendarmerie-nationale\/2024\/07\/19\/le-colonel-ondjaa-jacques-vincent-de-paul-fait-ses-adieux-aux-armes\/","og_locale":"fr_FR","og_type":"article","og_title":"Le Colonel ONDJA\u2019A Jacques Vincent de Paul fait ses adieux aux Armes - Gendarmerie Nationale","og_description":"Le Colonel ENGOZO\u2019O Sylvain, Commandant des \u00c9coles et Centres d\u2019Instruction de la Gendarmerie (COMECIG), Repr\u00e9sentant M. le SED\/CGN, a pr\u00e9sid\u00e9, mercredi 17 juillet 2024, au Foyer du Commandement des \u00c9coles et Centres d'Instruction de la Gendarmerie (CECIG), le cocktail des adieux aux Armes du Colonel ONDJA'A Jacques Vincent de Paul.","og_url":"https:\/\/mindef.gov.cm\/gendarmerie-nationale\/2024\/07\/19\/le-colonel-ondjaa-jacques-vincent-de-paul-fait-ses-adieux-aux-armes\/","og_site_name":"Gendarmerie Nationale","article_published_time":"2024-07-19T08:40:20+00:00","og_image":[{"width":960,"height":639,"url":"https:\/\/mindef.gov.cm\/gendarmerie-nationale\/wp-content\/uploads\/sites\/2\/2024\/07\/ONDJAA-Jacques-Vincent-2.jpg","type":"image\/jpeg"}],"author":"ricaldorichard237@gmail.com","twitter_card":"summary_large_image","twitter_misc":{"\u00c9crit par":"ricaldorichard237@gmail.com","Dur\u00e9e de lecture estim\u00e9e":"4 minutes"},"schema":{"@context":"https:\/\/schema.org","@graph":[{"@type":"Article","@id":"https:\/\/mindef.gov.cm\/gendarmerie-nationale\/2024\/07\/19\/le-colonel-ondjaa-jacques-vincent-de-paul-fait-ses-adieux-aux-armes\/#article","isPartOf":{"@id":"https:\/\/mindef.gov.cm\/gendarmerie-nationale\/2024\/07\/19\/le-colonel-ondjaa-jacques-vincent-de-paul-fait-ses-adieux-aux-armes\/"},"author":{"name":"ricaldorichard237@gmail.com","@id":"https:\/\/mindef.gov.cm\/gendarmerie-nationale\/#\/schema\/person\/c7c5e12cdabfea449884eaa288241182"},"headline":"Le Colonel ONDJA\u2019A Jacques Vincent de Paul fait ses adieux aux Armes","datePublished":"2024-07-19T08:40:20+00:00","dateModified":"2024-07-19T08:40:20+00:00","mainEntityOfPage":{"@id":"https:\/\/mindef.gov.cm\/gendarmerie-nationale\/2024\/07\/19\/le-colonel-ondjaa-jacques-vincent-de-paul-fait-ses-adieux-aux-armes\/"},"wordCount":358,"commentCount":0,"publisher":{"@id":"https:\/\/mindef.gov.cm\/gendarmerie-nationale\/#organization"},"image":{"@id":"https:\/\/mindef.gov.cm\/gendarmerie-nationale\/2024\/07\/19\/le-colonel-ondjaa-jacques-vincent-de-paul-fait-ses-adieux-aux-armes\/#primaryimage"},"thumbnailUrl":"https:\/\/mindef.gov.cm\/gendarmerie-nationale\/wp-content\/uploads\/sites\/2\/2024\/07\/ONDJAA-Jacques-Vincent-2.jpg","keywords":["Actualit\u00e9s","banniere"],"articleSection":["scroll"],"inLanguage":"fr-FR","potentialAction":[{"@type":"CommentAction","name":"Comment","target":["https:\/\/mindef.gov.cm\/gendarmerie-nationale\/2024\/07\/19\/le-colonel-ondjaa-jacques-vincent-de-paul-fait-ses-adieux-aux-armes\/#respond"]}]},{"@type":"WebPage","@id":"https:\/\/mindef.gov.cm\/gendarmerie-nationale\/2024\/07\/19\/le-colonel-ondjaa-jacques-vincent-de-paul-fait-ses-adieux-aux-armes\/","url":"https:\/\/mindef.gov.cm\/gendarmerie-nationale\/2024\/07\/19\/le-colonel-ondjaa-jacques-vincent-de-paul-fait-ses-adieux-aux-armes\/","name":"Le Colonel ONDJA\u2019A Jacques Vincent de Paul fait ses adieux aux Armes - Gendarmerie Nationale","isPartOf":{"@id":"https:\/\/mindef.gov.cm\/gendarmerie-nationale\/#website"},"primaryImageOfPage":{"@id":"https:\/\/mindef.gov.cm\/gendarmerie-nationale\/2024\/07\/19\/le-colonel-ondjaa-jacques-vincent-de-paul-fait-ses-adieux-aux-armes\/#primaryimage"},"image":{"@id":"https:\/\/mindef.gov.cm\/gendarmerie-nationale\/2024\/07\/19\/le-colonel-ondjaa-jacques-vincent-de-paul-fait-ses-adieux-aux-armes\/#primaryimage"},"thumbnailUrl":"https:\/\/mindef.gov.cm\/gendarmerie-nationale\/wp-content\/uploads\/sites\/2\/2024\/07\/ONDJAA-Jacques-Vincent-2.jpg","datePublished":"2024-07-19T08:40:20+00:00","dateModified":"2024-07-19T08:40:20+00:00","breadcrumb":{"@id":"https:\/\/mindef.gov.cm\/gendarmerie-nationale\/2024\/07\/19\/le-colonel-ondjaa-jacques-vincent-de-paul-fait-ses-adieux-aux-armes\/#breadcrumb"},"inLanguage":"fr-FR","potentialAction":[{"@type":"ReadAction","target":["https:\/\/mindef.gov.cm\/gendarmerie-nationale\/2024\/07\/19\/le-colonel-ondjaa-jacques-vincent-de-paul-fait-ses-adieux-aux-armes\/"]}]},{"@type":"ImageObject","inLanguage":"fr-FR","@id":"https:\/\/mindef.gov.cm\/gendarmerie-nationale\/2024\/07\/19\/le-colonel-ondjaa-jacques-vincent-de-paul-fait-ses-adieux-aux-armes\/#primaryimage","url":"https:\/\/mindef.gov.cm\/gendarmerie-nationale\/wp-content\/uploads\/sites\/2\/2024\/07\/ONDJAA-Jacques-Vincent-2.jpg","contentUrl":"https:\/\/mindef.gov.cm\/gendarmerie-nationale\/wp-content\/uploads\/sites\/2\/2024\/07\/ONDJAA-Jacques-Vincent-2.jpg","width":960,"height":639},{"@type":"BreadcrumbList","@id":"https:\/\/mindef.gov.cm\/gendarmerie-nationale\/2024\/07\/19\/le-colonel-ondjaa-jacques-vincent-de-paul-fait-ses-adieux-aux-armes\/#breadcrumb","itemListElement":[{"@type":"ListItem","position":1,"name":"Home","item":"https:\/\/mindef.gov.cm\/gendarmerie-nationale\/"},{"@type":"ListItem","position":2,"name":"Le Colonel ONDJA\u2019A Jacques Vincent de Paul fait ses adieux aux Armes"}]},{"@type":"WebSite","@id":"https:\/\/mindef.gov.cm\/gendarmerie-nationale\/#website","url":"https:\/\/mindef.gov.cm\/gendarmerie-nationale\/","name":"Gendarmerie Nationale","description":"Site Web GENDAMERIE","publisher":{"@id":"https:\/\/mindef.gov.cm\/gendarmerie-nationale\/#organization"},"potentialAction":[{"@type":"SearchAction","target":{"@type":"EntryPoint","urlTemplate":"https:\/\/mindef.gov.cm\/gendarmerie-nationale\/?s={search_term_string}"},"query-input":"required name=search_term_string"}],"inLanguage":"fr-FR"},{"@type":"Organization","@id":"https:\/\/mindef.gov.cm\/gendarmerie-nationale\/#organization","name":"Gendarmerie Nationale","url":"https:\/\/mindef.gov.cm\/gendarmerie-nationale\/","logo":{"@type":"ImageObject","inLanguage":"fr-FR","@id":"https:\/\/mindef.gov.cm\/gendarmerie-nationale\/#\/schema\/logo\/image\/","url":"https:\/\/mindef.gov.cm\/gendarmerie-nationale\/wp-content\/uploads\/sites\/2\/2023\/07\/LOGO-MINDEF-PNG-FRANCAIS.png","contentUrl":"https:\/\/mindef.gov.cm\/gendarmerie-nationale\/wp-content\/uploads\/sites\/2\/2023\/07\/LOGO-MINDEF-PNG-FRANCAIS.png","width":2126,"height":478,"caption":"Gendarmerie Nationale"},"image":{"@id":"https:\/\/mindef.gov.cm\/gendarmerie-nationale\/#\/schema\/logo\/image\/"}},{"@type":"Person","@id":"https:\/\/mindef.gov.cm\/gendarmerie-nationale\/#\/schema\/person\/c7c5e12cdabfea449884eaa288241182","name":"ricaldorichard237@gmail.com","image":{"@type":"ImageObject","inLanguage":"fr-FR","@id":"https:\/\/mindef.gov.cm\/gendarmerie-nationale\/#\/schema\/person\/image\/","url":"https:\/\/secure.gravatar.com\/avatar\/cfa05125461486526b4e04bb167e98d2?s=96&d=mm&r=g","contentUrl":"https:\/\/secure.gravatar.com\/avatar\/cfa05125461486526b4e04bb167e98d2?s=96&d=mm&r=g","caption":"ricaldorichard237@gmail.com"},"sameAs":["https:\/\/mindef.gov.cm"],"url":"https:\/\/mindef.gov.cm\/gendarmerie-nationale\/author\/ricaldorichard237gmail-com\/"}]}},"rttpg_featured_image_url":{"full":["https:\/\/mindef.gov.cm\/gendarmerie-nationale\/wp-content\/uploads\/sites\/2\/2024\/07\/ONDJAA-Jacques-Vincent-2.jpg",960,639,false],"landscape":["https:\/\/mindef.gov.cm\/gendarmerie-nationale\/wp-content\/uploads\/sites\/2\/2024\/07\/ONDJAA-Jacques-Vincent-2.jpg",960,639,false],"portraits":["https:\/\/mindef.gov.cm\/gendarmerie-nationale\/wp-content\/uploads\/sites\/2\/2024\/07\/ONDJAA-Jacques-Vincent-2.jpg",960,639,false],"thumbnail":["https:\/\/mindef.gov.cm\/gendarmerie-nationale\/wp-content\/uploads\/sites\/2\/2024\/07\/ONDJAA-Jacques-Vincent-2-150x150.jpg",150,150,true],"medium":["https:\/\/mindef.gov.cm\/gendarmerie-nationale\/wp-content\/uploads\/sites\/2\/2024\/07\/ONDJAA-Jacques-Vincent-2-300x200.jpg",300,200,true],"large":["https:\/\/mindef.gov.cm\/gendarmerie-nationale\/wp-content\/uploads\/sites\/2\/2024\/07\/ONDJAA-Jacques-Vincent-2.jpg",800,533,false],"1536x1536":["https:\/\/mindef.gov.cm\/gendarmerie-nationale\/wp-content\/uploads\/sites\/2\/2024\/07\/ONDJAA-Jacques-Vincent-2.jpg",960,639,false],"2048x2048":["https:\/\/mindef.gov.cm\/gendarmerie-nationale\/wp-content\/uploads\/sites\/2\/2024\/07\/ONDJAA-Jacques-Vincent-2.jpg",960,639,false],"htmega_size_585x295":["https:\/\/mindef.gov.cm\/gendarmerie-nationale\/wp-content\/uploads\/sites\/2\/2024\/07\/ONDJAA-Jacques-Vincent-2-585x295.jpg",585,295,true],"htmega_size_1170x536":["https:\/\/mindef.gov.cm\/gendarmerie-nationale\/wp-content\/uploads\/sites\/2\/2024\/07\/ONDJAA-Jacques-Vincent-2-960x536.jpg",960,536,true],"htmega_size_396x360":["https:\/\/mindef.gov.cm\/gendarmerie-nationale\/wp-content\/uploads\/sites\/2\/2024\/07\/ONDJAA-Jacques-Vincent-2-396x360.jpg",396,360,true],"rt_custom":["https:\/\/mindef.gov.cm\/gendarmerie-nationale\/wp-content\/uploads\/sites\/2\/2024\/07\/ONDJAA-Jacques-Vincent-2.jpg",960,639,false]},"rttpg_author":{"display_name":"ricaldorichard237@gmail.com","author_link":"https:\/\/mindef.gov.cm\/gendarmerie-nationale\/author\/ricaldorichard237gmail-com\/"},"rttpg_comment":0,"rttpg_category":"<a href=\"https:\/\/mindef.gov.cm\/gendarmerie-nationale\/category\/scroll\/\" rel=\"category tag\">scroll<\/a>","rttpg_excerpt":"Le Colonel ENGOZO\u2019O Sylvain, Commandant des \u00c9coles et Centres d\u2019Instruction de la Gendarmerie (COMECIG), Repr\u00e9sentant M. le SED\/CGN, a pr\u00e9sid\u00e9, mercredi 17 juillet 2024, au Foyer du Commandement des \u00c9coles et Centres d'Instruction de la Gendarmerie (CECIG), le cocktail des adieux aux Armes du Colonel ONDJA'A Jacques Vincent de Paul.","_links":{"self":[{"href":"https:\/\/mindef.gov.cm\/gendarmerie-nationale\/wp-json\/wp\/v2\/posts\/5354","targetHints":{"allow":["GET"]}}],"collection":[{"href":"https:\/\/mindef.gov.cm\/gendarmerie-nationale\/wp-json\/wp\/v2\/posts"}],"about":[{"href":"https:\/\/mindef.gov.cm\/gendarmerie-nationale\/wp-json\/wp\/v2\/types\/post"}],"author":[{"embeddable":true,"href":"https:\/\/mindef.gov.cm\/gendarmerie-nationale\/wp-json\/wp\/v2\/users\/1"}],"replies":[{"embeddable":true,"href":"https:\/\/mindef.gov.cm\/gendarmerie-nationale\/wp-json\/wp\/v2\/comments?post=5354"}],"version-history":[{"count":0,"href":"https:\/\/mindef.gov.cm\/gendarmerie-nationale\/wp-json\/wp\/v2\/posts\/5354\/revisions"}],"wp:featuredmedia":[{"embeddable":true,"href":"https:\/\/mindef.gov.cm\/gendarmerie-nationale\/wp-json\/wp\/v2\/media\/5355"}],"wp:attachment":[{"href":"https:\/\/mindef.gov.cm\/gendarmerie-nationale\/wp-json\/wp\/v2\/media?parent=5354"}],"wp:term":[{"taxonomy":"category","embeddable":true,"href":"https:\/\/mindef.gov.cm\/gendarmerie-nationale\/wp-json\/wp\/v2\/categories?post=5354"},{"taxonomy":"post_tag","embeddable":true,"href":"https:\/\/mindef.gov.cm\/gendarmerie-nationale\/wp-json\/wp\/v2\/tags?post=5354"}],"curies":[{"name":"wp","href":"https:\/\/api.w.org\/{rel}","templated":true}]}}