{"id":5912,"date":"2024-11-19T18:03:40","date_gmt":"2024-11-19T17:03:40","guid":{"rendered":"https:\/\/mindef.gov.cm\/gendarmerie-nationale\/?p=5912"},"modified":"2024-11-19T18:03:40","modified_gmt":"2024-11-19T17:03:40","slug":"installation-des-responsables-recemment-nommes-dans-les-services-centraux-de-la-gendarmerie-nationale","status":"publish","type":"post","link":"https:\/\/mindef.gov.cm\/gendarmerie-nationale\/2024\/11\/19\/installation-des-responsables-recemment-nommes-dans-les-services-centraux-de-la-gendarmerie-nationale\/","title":{"rendered":"Installation des responsables r\u00e9cemment nomm\u00e9s dans les services centraux de la Gendarmerie Nationale"},"content":{"rendered":"<p>Il s\u2019agit d\u2019un Inspecteur, en la personne du Colonel ABDOULAYE AMOA Abel ; du Chef de la Division des Affaires G\u00e9n\u00e9rales (CDAG), le Lieutenant-Colonel SOUBOURSOU DILMAYE Patrick; du Directeur Central Adjoint de l\u2019Administration et de la Logistique (DCAL\/A), le Colonel BEYEM EBANGA Armand; du Directeur des Affaires Administratives, Financi\u00e8res et Domaniales (DAAFD), le Colonel METO\u2019O SALLA David Aim\u00e9 ainsi que du Directeur Technique et Logistique (DTL), le Colonel MEVONO NGOMBA Dieudonn\u00e9 Jules.<\/p>\n<p><img fetchpriority=\"high\" decoding=\"async\" class=\"alignnone size-full wp-image-5923\" src=\"https:\/\/mindef.gov.cm\/gendarmerie-nationale\/wp-content\/uploads\/sites\/2\/2024\/11\/services-centraux-6.jpg\" alt=\"\" width=\"960\" height=\"638\" \/><\/p>\n<p>Ces Officiers Sup\u00e9rieurs ont \u00e9t\u00e9 install\u00e9s ce vendredi 1er novembre 2024 par le Secr\u00e9taire d\u2019Etat aupr\u00e8s du Ministre de la D\u00e9fense, charg\u00e9 de la Gendarmerie Nationale (SED\/CGN), Galax ETOGA, dans la Salle de Conf\u00e9rences du B\u00e2timent Administratif des Services Centraux de la Gendarmerie Nationale.<\/p>\n<p>Dans son allocution de circonstance, Monsieur le SED\/CGN a pr\u00e9cis\u00e9 que le Pr\u00e9sident de la R\u00e9publique, Chef des Arm\u00e9es, a port\u00e9 son choix sur des gendarmes de grande valeur, des Officiers Sup\u00e9rieurs de haut vol ainsi que des cadres militaires rompus \u00e0 la t\u00e2che et p\u00e9tris d\u2019exp\u00e9rience.<\/p>\n<p>Face \u00e0 de nombreux d\u00e9fis s\u00e9curitaires auxquels le Cameroun fait face actuellement, le patron de la Gendarmerie Nationale a instruit les nouveaux responsables \u00e0 se mettre imm\u00e9diatement au travail aux fins de contribuer \u00e0 la protection de l\u2019int\u00e9grit\u00e9 territoriale du pays, la lutte contre le terrorisme et la s\u00e9curit\u00e9 des personnes et des biens. S&#8217;adressant sp\u00e9cifiquement \u00e0 chacun, il a donn\u00e9 les contours d&#8217;une feuille de route.<\/p>\n<p>Au Colonel BEYEM EBANGA Armand, ancien Commandant de la L\u00e9gion de Gendarmerie du Logone et Chari puis celle de l\u2019Adamaoua, et promu Directeur Central Adjoint de l&#8217;Administration et de la Logistique (DCAL\/A), il lui a prescrit de veiller \u00e0 la modernisation des \u00e9quipements des Unit\u00e9s pour r\u00e9pondre \u00e0 la complexit\u00e9 des engagements du Corps et de proposer des mesures d\u2019actions opportunes \u00e0 la Hi\u00e9rarchie.<\/p>\n<p><img decoding=\"async\" class=\"alignnone size-full wp-image-5931\" src=\"https:\/\/mindef.gov.cm\/gendarmerie-nationale\/wp-content\/uploads\/sites\/2\/2024\/11\/services-centraux-1-1.jpg\" alt=\"\" width=\"960\" height=\"640\" \/><\/p>\n<p>S&#8217;adressant au Colonel METO\u2019O SALLA David Aim\u00e9, Directeur des Affaires Administratives, Financi\u00e8res et Domaniales, le SED\/CGN l&#8217;a instruit de veiller \u00e0 ce que les Unit\u00e9s et les Formations de la Gendarmerie Nationale disposent des ressources appropri\u00e9es pour fonctionner de mani\u00e8re optimale, de faire preuve de discernement face aux requ\u00eates incessantes qui viendront de l\u2019\u00e9chelon central et du terrain, ainsi que de mettre r\u00e9solument en \u0153uvre les d\u00e9cisions du Commandement sans le moindre \u00e9tat d\u2019\u00e2me \u00e0 l\u2019endroit de ceux qui pourraient lui en tenir rigueur, au travers d&#8217;un tr\u00e9sor de p\u00e9dagogie et un maintien des \u00e9quilibres budg\u00e9taires.<\/p>\n<p><img decoding=\"async\" class=\"alignnone size-full wp-image-5933\" src=\"https:\/\/mindef.gov.cm\/gendarmerie-nationale\/wp-content\/uploads\/sites\/2\/2024\/11\/services-centraux-2.jpg\" alt=\"\" width=\"960\" height=\"638\" \/><\/p>\n<p>S&#8217;agissant du Directeur Technique et Logistique, le Colonel MEVONO NGOMBA Dieudonn\u00e9 Jules, il a pour mission de mettre un accent sur la remise en condition des moyens de mobilit\u00e9 des Unit\u00e9s et Formations, de renforcer les \u00e9quipements de protection individuelle et collective des personnels et d&#8217;accentuer le suivi des diff\u00e9rentes cha\u00eenes logistiques.<\/p>\n<p><img decoding=\"async\" class=\"alignnone size-full wp-image-5921\" src=\"https:\/\/mindef.gov.cm\/gendarmerie-nationale\/wp-content\/uploads\/sites\/2\/2024\/11\/services-centraux-5.jpg\" alt=\"\" \/><\/p>\n<p>En ce qui concerne le Lieutenant-Colonel SOUBOURSOU DILMAYE Patrick, Chef de Division des Affaires G\u00e9n\u00e9rales, le Haut Commandement lui exige de mobiliser toutes les \u00e9nergies pour anticiper et ex\u00e9cuter promptement et efficacement les directives de la hi\u00e9rarchie, tout en restant une force de propositions et disponible.<\/p>\n<p><img loading=\"lazy\" decoding=\"async\" class=\"alignnone size-full wp-image-5937\" src=\"https:\/\/mindef.gov.cm\/gendarmerie-nationale\/wp-content\/uploads\/sites\/2\/2024\/11\/services-centraux-4-1.jpg\" alt=\"\" width=\"960\" height=\"638\" \/><\/p>\n<p>Apr\u00e8s avoir salu\u00e9 la grande exp\u00e9rience, le sens d\u2019anticipation, le d\u00e9vouement et la rigueur au travail du Colonel ABDOULAYE AMOA Abel, nomm\u00e9 Inspecteur, Monsieur le SED\/CGN a indiqu\u00e9 qu&#8217;il devra mettre son savoir-faire au service des jeunes g\u00e9n\u00e9rations.<\/p>\n<p><img loading=\"lazy\" decoding=\"async\" class=\"alignnone size-full wp-image-5939\" src=\"https:\/\/mindef.gov.cm\/gendarmerie-nationale\/wp-content\/uploads\/sites\/2\/2024\/11\/services-centraux-3.jpg\" alt=\"\" width=\"960\" height=\"640\" \/><\/p>\n<p>Monsieur le SED\/CGN a cl\u00f4tur\u00e9 son propos en prescrivant \u00e0 tous les promus la rigueur, le d\u00e9vouement et l&#8217;abn\u00e9gation, sans manquer de les rassurer de son soutien constant.<\/p>\n<p>La c\u00e9r\u00e9monie a connu la pr\u00e9sence de nombreux invit\u00e9s ainsi que de Hauts responsables de l\u2019Etat et de l&#8217;Arm\u00e9e.<\/p>\n<p><img loading=\"lazy\" decoding=\"async\" class=\"alignnone size-full wp-image-5941\" src=\"https:\/\/mindef.gov.cm\/gendarmerie-nationale\/wp-content\/uploads\/sites\/2\/2024\/11\/services-centraux-8.jpg\" alt=\"\" width=\"960\" height=\"638\" \/><\/p>\n","protected":false},"excerpt":{"rendered":"<p>Par le d\u00e9cret N\u00b0 2024\/429 du 22 octobre 2024, le Pr\u00e9sident de la R\u00e9publique a proc\u00e9d\u00e9 \u00e0 la nomination de cinq nouveaux responsables dans les Services Centraux de la Gendarmerie Nationale. <\/p>\n","protected":false},"author":1,"featured_media":5929,"comment_status":"open","ping_status":"open","sticky":false,"template":"","format":"standard","meta":{"footnotes":""},"categories":[14],"tags":[28,17],"class_list":["post-5912","post","type-post","status-publish","format-standard","has-post-thumbnail","hentry","category-scroll","tag-actualites","tag-banniere"],"yoast_head":"<!-- This site is optimized with the Yoast SEO plugin v23.3 - https:\/\/yoast.com\/wordpress\/plugins\/seo\/ -->\n<title>Installation des responsables r\u00e9cemment nomm\u00e9s dans les services centraux de la Gendarmerie Nationale - Gendarmerie Nationale<\/title>\n<meta name=\"robots\" content=\"index, follow, max-snippet:-1, max-image-preview:large, max-video-preview:-1\" \/>\n<link rel=\"canonical\" href=\"https:\/\/mindef.gov.cm\/gendarmerie-nationale\/2024\/11\/19\/installation-des-responsables-recemment-nommes-dans-les-services-centraux-de-la-gendarmerie-nationale\/\" \/>\n<meta property=\"og:locale\" content=\"fr_FR\" \/>\n<meta property=\"og:type\" content=\"article\" \/>\n<meta property=\"og:title\" content=\"Installation des responsables r\u00e9cemment nomm\u00e9s dans les services centraux de la Gendarmerie Nationale - Gendarmerie Nationale\" \/>\n<meta property=\"og:description\" content=\"Par le d\u00e9cret N\u00b0 2024\/429 du 22 octobre 2024, le Pr\u00e9sident de la R\u00e9publique a proc\u00e9d\u00e9 \u00e0 la nomination de cinq nouveaux responsables dans les Services Centraux de la Gendarmerie Nationale.\" \/>\n<meta property=\"og:url\" content=\"https:\/\/mindef.gov.cm\/gendarmerie-nationale\/2024\/11\/19\/installation-des-responsables-recemment-nommes-dans-les-services-centraux-de-la-gendarmerie-nationale\/\" \/>\n<meta property=\"og:site_name\" content=\"Gendarmerie Nationale\" \/>\n<meta property=\"article:published_time\" content=\"2024-11-19T17:03:40+00:00\" \/>\n<meta property=\"og:image\" content=\"https:\/\/mindef.gov.cm\/gendarmerie-nationale\/wp-content\/uploads\/sites\/2\/2024\/11\/services-centraux-7.jpg\" \/>\n\t<meta property=\"og:image:width\" content=\"960\" \/>\n\t<meta property=\"og:image:height\" content=\"638\" \/>\n\t<meta property=\"og:image:type\" content=\"image\/jpeg\" \/>\n<meta name=\"author\" content=\"ricaldorichard237@gmail.com\" \/>\n<meta name=\"twitter:card\" content=\"summary_large_image\" \/>\n<meta name=\"twitter:label1\" content=\"\u00c9crit par\" \/>\n\t<meta name=\"twitter:data1\" content=\"ricaldorichard237@gmail.com\" \/>\n\t<meta name=\"twitter:label2\" content=\"Dur\u00e9e de lecture estim\u00e9e\" \/>\n\t<meta name=\"twitter:data2\" content=\"5 minutes\" \/>\n<script type=\"application\/ld+json\" class=\"yoast-schema-graph\">{\"@context\":\"https:\/\/schema.org\",\"@graph\":[{\"@type\":\"Article\",\"@id\":\"https:\/\/mindef.gov.cm\/gendarmerie-nationale\/2024\/11\/19\/installation-des-responsables-recemment-nommes-dans-les-services-centraux-de-la-gendarmerie-nationale\/#article\",\"isPartOf\":{\"@id\":\"https:\/\/mindef.gov.cm\/gendarmerie-nationale\/2024\/11\/19\/installation-des-responsables-recemment-nommes-dans-les-services-centraux-de-la-gendarmerie-nationale\/\"},\"author\":{\"name\":\"ricaldorichard237@gmail.com\",\"@id\":\"https:\/\/mindef.gov.cm\/gendarmerie-nationale\/#\/schema\/person\/c7c5e12cdabfea449884eaa288241182\"},\"headline\":\"Installation des responsables r\u00e9cemment nomm\u00e9s dans les services centraux de la Gendarmerie Nationale\",\"datePublished\":\"2024-11-19T17:03:40+00:00\",\"dateModified\":\"2024-11-19T17:03:40+00:00\",\"mainEntityOfPage\":{\"@id\":\"https:\/\/mindef.gov.cm\/gendarmerie-nationale\/2024\/11\/19\/installation-des-responsables-recemment-nommes-dans-les-services-centraux-de-la-gendarmerie-nationale\/\"},\"wordCount\":666,\"commentCount\":0,\"publisher\":{\"@id\":\"https:\/\/mindef.gov.cm\/gendarmerie-nationale\/#organization\"},\"image\":{\"@id\":\"https:\/\/mindef.gov.cm\/gendarmerie-nationale\/2024\/11\/19\/installation-des-responsables-recemment-nommes-dans-les-services-centraux-de-la-gendarmerie-nationale\/#primaryimage\"},\"thumbnailUrl\":\"https:\/\/mindef.gov.cm\/gendarmerie-nationale\/wp-content\/uploads\/sites\/2\/2024\/11\/services-centraux-7.jpg\",\"keywords\":[\"Actualit\u00e9s\",\"banniere\"],\"articleSection\":[\"scroll\"],\"inLanguage\":\"fr-FR\",\"potentialAction\":[{\"@type\":\"CommentAction\",\"name\":\"Comment\",\"target\":[\"https:\/\/mindef.gov.cm\/gendarmerie-nationale\/2024\/11\/19\/installation-des-responsables-recemment-nommes-dans-les-services-centraux-de-la-gendarmerie-nationale\/#respond\"]}]},{\"@type\":\"WebPage\",\"@id\":\"https:\/\/mindef.gov.cm\/gendarmerie-nationale\/2024\/11\/19\/installation-des-responsables-recemment-nommes-dans-les-services-centraux-de-la-gendarmerie-nationale\/\",\"url\":\"https:\/\/mindef.gov.cm\/gendarmerie-nationale\/2024\/11\/19\/installation-des-responsables-recemment-nommes-dans-les-services-centraux-de-la-gendarmerie-nationale\/\",\"name\":\"Installation des responsables r\u00e9cemment nomm\u00e9s dans les services centraux de la Gendarmerie Nationale - Gendarmerie Nationale\",\"isPartOf\":{\"@id\":\"https:\/\/mindef.gov.cm\/gendarmerie-nationale\/#website\"},\"primaryImageOfPage\":{\"@id\":\"https:\/\/mindef.gov.cm\/gendarmerie-nationale\/2024\/11\/19\/installation-des-responsables-recemment-nommes-dans-les-services-centraux-de-la-gendarmerie-nationale\/#primaryimage\"},\"image\":{\"@id\":\"https:\/\/mindef.gov.cm\/gendarmerie-nationale\/2024\/11\/19\/installation-des-responsables-recemment-nommes-dans-les-services-centraux-de-la-gendarmerie-nationale\/#primaryimage\"},\"thumbnailUrl\":\"https:\/\/mindef.gov.cm\/gendarmerie-nationale\/wp-content\/uploads\/sites\/2\/2024\/11\/services-centraux-7.jpg\",\"datePublished\":\"2024-11-19T17:03:40+00:00\",\"dateModified\":\"2024-11-19T17:03:40+00:00\",\"breadcrumb\":{\"@id\":\"https:\/\/mindef.gov.cm\/gendarmerie-nationale\/2024\/11\/19\/installation-des-responsables-recemment-nommes-dans-les-services-centraux-de-la-gendarmerie-nationale\/#breadcrumb\"},\"inLanguage\":\"fr-FR\",\"potentialAction\":[{\"@type\":\"ReadAction\",\"target\":[\"https:\/\/mindef.gov.cm\/gendarmerie-nationale\/2024\/11\/19\/installation-des-responsables-recemment-nommes-dans-les-services-centraux-de-la-gendarmerie-nationale\/\"]}]},{\"@type\":\"ImageObject\",\"inLanguage\":\"fr-FR\",\"@id\":\"https:\/\/mindef.gov.cm\/gendarmerie-nationale\/2024\/11\/19\/installation-des-responsables-recemment-nommes-dans-les-services-centraux-de-la-gendarmerie-nationale\/#primaryimage\",\"url\":\"https:\/\/mindef.gov.cm\/gendarmerie-nationale\/wp-content\/uploads\/sites\/2\/2024\/11\/services-centraux-7.jpg\",\"contentUrl\":\"https:\/\/mindef.gov.cm\/gendarmerie-nationale\/wp-content\/uploads\/sites\/2\/2024\/11\/services-centraux-7.jpg\",\"width\":960,\"height\":638},{\"@type\":\"BreadcrumbList\",\"@id\":\"https:\/\/mindef.gov.cm\/gendarmerie-nationale\/2024\/11\/19\/installation-des-responsables-recemment-nommes-dans-les-services-centraux-de-la-gendarmerie-nationale\/#breadcrumb\",\"itemListElement\":[{\"@type\":\"ListItem\",\"position\":1,\"name\":\"Home\",\"item\":\"https:\/\/mindef.gov.cm\/gendarmerie-nationale\/\"},{\"@type\":\"ListItem\",\"position\":2,\"name\":\"Installation des responsables r\u00e9cemment nomm\u00e9s dans les services centraux de la Gendarmerie Nationale\"}]},{\"@type\":\"WebSite\",\"@id\":\"https:\/\/mindef.gov.cm\/gendarmerie-nationale\/#website\",\"url\":\"https:\/\/mindef.gov.cm\/gendarmerie-nationale\/\",\"name\":\"Gendarmerie Nationale\",\"description\":\"Site Web GENDAMERIE\",\"publisher\":{\"@id\":\"https:\/\/mindef.gov.cm\/gendarmerie-nationale\/#organization\"},\"potentialAction\":[{\"@type\":\"SearchAction\",\"target\":{\"@type\":\"EntryPoint\",\"urlTemplate\":\"https:\/\/mindef.gov.cm\/gendarmerie-nationale\/?s={search_term_string}\"},\"query-input\":\"required name=search_term_string\"}],\"inLanguage\":\"fr-FR\"},{\"@type\":\"Organization\",\"@id\":\"https:\/\/mindef.gov.cm\/gendarmerie-nationale\/#organization\",\"name\":\"Gendarmerie Nationale\",\"url\":\"https:\/\/mindef.gov.cm\/gendarmerie-nationale\/\",\"logo\":{\"@type\":\"ImageObject\",\"inLanguage\":\"fr-FR\",\"@id\":\"https:\/\/mindef.gov.cm\/gendarmerie-nationale\/#\/schema\/logo\/image\/\",\"url\":\"https:\/\/mindef.gov.cm\/gendarmerie-nationale\/wp-content\/uploads\/sites\/2\/2023\/07\/LOGO-MINDEF-PNG-FRANCAIS.png\",\"contentUrl\":\"https:\/\/mindef.gov.cm\/gendarmerie-nationale\/wp-content\/uploads\/sites\/2\/2023\/07\/LOGO-MINDEF-PNG-FRANCAIS.png\",\"width\":2126,\"height\":478,\"caption\":\"Gendarmerie Nationale\"},\"image\":{\"@id\":\"https:\/\/mindef.gov.cm\/gendarmerie-nationale\/#\/schema\/logo\/image\/\"}},{\"@type\":\"Person\",\"@id\":\"https:\/\/mindef.gov.cm\/gendarmerie-nationale\/#\/schema\/person\/c7c5e12cdabfea449884eaa288241182\",\"name\":\"ricaldorichard237@gmail.com\",\"image\":{\"@type\":\"ImageObject\",\"inLanguage\":\"fr-FR\",\"@id\":\"https:\/\/mindef.gov.cm\/gendarmerie-nationale\/#\/schema\/person\/image\/\",\"url\":\"https:\/\/secure.gravatar.com\/avatar\/cfa05125461486526b4e04bb167e98d2?s=96&d=mm&r=g\",\"contentUrl\":\"https:\/\/secure.gravatar.com\/avatar\/cfa05125461486526b4e04bb167e98d2?s=96&d=mm&r=g\",\"caption\":\"ricaldorichard237@gmail.com\"},\"sameAs\":[\"https:\/\/mindef.gov.cm\"],\"url\":\"https:\/\/mindef.gov.cm\/gendarmerie-nationale\/author\/ricaldorichard237gmail-com\/\"}]}<\/script>\n<!-- \/ Yoast SEO plugin. -->","yoast_head_json":{"title":"Installation des responsables r\u00e9cemment nomm\u00e9s dans les services centraux de la Gendarmerie Nationale - Gendarmerie Nationale","robots":{"index":"index","follow":"follow","max-snippet":"max-snippet:-1","max-image-preview":"max-image-preview:large","max-video-preview":"max-video-preview:-1"},"canonical":"https:\/\/mindef.gov.cm\/gendarmerie-nationale\/2024\/11\/19\/installation-des-responsables-recemment-nommes-dans-les-services-centraux-de-la-gendarmerie-nationale\/","og_locale":"fr_FR","og_type":"article","og_title":"Installation des responsables r\u00e9cemment nomm\u00e9s dans les services centraux de la Gendarmerie Nationale - Gendarmerie Nationale","og_description":"Par le d\u00e9cret N\u00b0 2024\/429 du 22 octobre 2024, le Pr\u00e9sident de la R\u00e9publique a proc\u00e9d\u00e9 \u00e0 la nomination de cinq nouveaux responsables dans les Services Centraux de la Gendarmerie Nationale.","og_url":"https:\/\/mindef.gov.cm\/gendarmerie-nationale\/2024\/11\/19\/installation-des-responsables-recemment-nommes-dans-les-services-centraux-de-la-gendarmerie-nationale\/","og_site_name":"Gendarmerie Nationale","article_published_time":"2024-11-19T17:03:40+00:00","og_image":[{"width":960,"height":638,"url":"https:\/\/mindef.gov.cm\/gendarmerie-nationale\/wp-content\/uploads\/sites\/2\/2024\/11\/services-centraux-7.jpg","type":"image\/jpeg"}],"author":"ricaldorichard237@gmail.com","twitter_card":"summary_large_image","twitter_misc":{"\u00c9crit par":"ricaldorichard237@gmail.com","Dur\u00e9e de lecture estim\u00e9e":"5 minutes"},"schema":{"@context":"https:\/\/schema.org","@graph":[{"@type":"Article","@id":"https:\/\/mindef.gov.cm\/gendarmerie-nationale\/2024\/11\/19\/installation-des-responsables-recemment-nommes-dans-les-services-centraux-de-la-gendarmerie-nationale\/#article","isPartOf":{"@id":"https:\/\/mindef.gov.cm\/gendarmerie-nationale\/2024\/11\/19\/installation-des-responsables-recemment-nommes-dans-les-services-centraux-de-la-gendarmerie-nationale\/"},"author":{"name":"ricaldorichard237@gmail.com","@id":"https:\/\/mindef.gov.cm\/gendarmerie-nationale\/#\/schema\/person\/c7c5e12cdabfea449884eaa288241182"},"headline":"Installation des responsables r\u00e9cemment nomm\u00e9s dans les services centraux de la Gendarmerie Nationale","datePublished":"2024-11-19T17:03:40+00:00","dateModified":"2024-11-19T17:03:40+00:00","mainEntityOfPage":{"@id":"https:\/\/mindef.gov.cm\/gendarmerie-nationale\/2024\/11\/19\/installation-des-responsables-recemment-nommes-dans-les-services-centraux-de-la-gendarmerie-nationale\/"},"wordCount":666,"commentCount":0,"publisher":{"@id":"https:\/\/mindef.gov.cm\/gendarmerie-nationale\/#organization"},"image":{"@id":"https:\/\/mindef.gov.cm\/gendarmerie-nationale\/2024\/11\/19\/installation-des-responsables-recemment-nommes-dans-les-services-centraux-de-la-gendarmerie-nationale\/#primaryimage"},"thumbnailUrl":"https:\/\/mindef.gov.cm\/gendarmerie-nationale\/wp-content\/uploads\/sites\/2\/2024\/11\/services-centraux-7.jpg","keywords":["Actualit\u00e9s","banniere"],"articleSection":["scroll"],"inLanguage":"fr-FR","potentialAction":[{"@type":"CommentAction","name":"Comment","target":["https:\/\/mindef.gov.cm\/gendarmerie-nationale\/2024\/11\/19\/installation-des-responsables-recemment-nommes-dans-les-services-centraux-de-la-gendarmerie-nationale\/#respond"]}]},{"@type":"WebPage","@id":"https:\/\/mindef.gov.cm\/gendarmerie-nationale\/2024\/11\/19\/installation-des-responsables-recemment-nommes-dans-les-services-centraux-de-la-gendarmerie-nationale\/","url":"https:\/\/mindef.gov.cm\/gendarmerie-nationale\/2024\/11\/19\/installation-des-responsables-recemment-nommes-dans-les-services-centraux-de-la-gendarmerie-nationale\/","name":"Installation des responsables r\u00e9cemment nomm\u00e9s dans les services centraux de la Gendarmerie Nationale - Gendarmerie Nationale","isPartOf":{"@id":"https:\/\/mindef.gov.cm\/gendarmerie-nationale\/#website"},"primaryImageOfPage":{"@id":"https:\/\/mindef.gov.cm\/gendarmerie-nationale\/2024\/11\/19\/installation-des-responsables-recemment-nommes-dans-les-services-centraux-de-la-gendarmerie-nationale\/#primaryimage"},"image":{"@id":"https:\/\/mindef.gov.cm\/gendarmerie-nationale\/2024\/11\/19\/installation-des-responsables-recemment-nommes-dans-les-services-centraux-de-la-gendarmerie-nationale\/#primaryimage"},"thumbnailUrl":"https:\/\/mindef.gov.cm\/gendarmerie-nationale\/wp-content\/uploads\/sites\/2\/2024\/11\/services-centraux-7.jpg","datePublished":"2024-11-19T17:03:40+00:00","dateModified":"2024-11-19T17:03:40+00:00","breadcrumb":{"@id":"https:\/\/mindef.gov.cm\/gendarmerie-nationale\/2024\/11\/19\/installation-des-responsables-recemment-nommes-dans-les-services-centraux-de-la-gendarmerie-nationale\/#breadcrumb"},"inLanguage":"fr-FR","potentialAction":[{"@type":"ReadAction","target":["https:\/\/mindef.gov.cm\/gendarmerie-nationale\/2024\/11\/19\/installation-des-responsables-recemment-nommes-dans-les-services-centraux-de-la-gendarmerie-nationale\/"]}]},{"@type":"ImageObject","inLanguage":"fr-FR","@id":"https:\/\/mindef.gov.cm\/gendarmerie-nationale\/2024\/11\/19\/installation-des-responsables-recemment-nommes-dans-les-services-centraux-de-la-gendarmerie-nationale\/#primaryimage","url":"https:\/\/mindef.gov.cm\/gendarmerie-nationale\/wp-content\/uploads\/sites\/2\/2024\/11\/services-centraux-7.jpg","contentUrl":"https:\/\/mindef.gov.cm\/gendarmerie-nationale\/wp-content\/uploads\/sites\/2\/2024\/11\/services-centraux-7.jpg","width":960,"height":638},{"@type":"BreadcrumbList","@id":"https:\/\/mindef.gov.cm\/gendarmerie-nationale\/2024\/11\/19\/installation-des-responsables-recemment-nommes-dans-les-services-centraux-de-la-gendarmerie-nationale\/#breadcrumb","itemListElement":[{"@type":"ListItem","position":1,"name":"Home","item":"https:\/\/mindef.gov.cm\/gendarmerie-nationale\/"},{"@type":"ListItem","position":2,"name":"Installation des responsables r\u00e9cemment nomm\u00e9s dans les services centraux de la Gendarmerie Nationale"}]},{"@type":"WebSite","@id":"https:\/\/mindef.gov.cm\/gendarmerie-nationale\/#website","url":"https:\/\/mindef.gov.cm\/gendarmerie-nationale\/","name":"Gendarmerie Nationale","description":"Site Web GENDAMERIE","publisher":{"@id":"https:\/\/mindef.gov.cm\/gendarmerie-nationale\/#organization"},"potentialAction":[{"@type":"SearchAction","target":{"@type":"EntryPoint","urlTemplate":"https:\/\/mindef.gov.cm\/gendarmerie-nationale\/?s={search_term_string}"},"query-input":"required name=search_term_string"}],"inLanguage":"fr-FR"},{"@type":"Organization","@id":"https:\/\/mindef.gov.cm\/gendarmerie-nationale\/#organization","name":"Gendarmerie Nationale","url":"https:\/\/mindef.gov.cm\/gendarmerie-nationale\/","logo":{"@type":"ImageObject","inLanguage":"fr-FR","@id":"https:\/\/mindef.gov.cm\/gendarmerie-nationale\/#\/schema\/logo\/image\/","url":"https:\/\/mindef.gov.cm\/gendarmerie-nationale\/wp-content\/uploads\/sites\/2\/2023\/07\/LOGO-MINDEF-PNG-FRANCAIS.png","contentUrl":"https:\/\/mindef.gov.cm\/gendarmerie-nationale\/wp-content\/uploads\/sites\/2\/2023\/07\/LOGO-MINDEF-PNG-FRANCAIS.png","width":2126,"height":478,"caption":"Gendarmerie Nationale"},"image":{"@id":"https:\/\/mindef.gov.cm\/gendarmerie-nationale\/#\/schema\/logo\/image\/"}},{"@type":"Person","@id":"https:\/\/mindef.gov.cm\/gendarmerie-nationale\/#\/schema\/person\/c7c5e12cdabfea449884eaa288241182","name":"ricaldorichard237@gmail.com","image":{"@type":"ImageObject","inLanguage":"fr-FR","@id":"https:\/\/mindef.gov.cm\/gendarmerie-nationale\/#\/schema\/person\/image\/","url":"https:\/\/secure.gravatar.com\/avatar\/cfa05125461486526b4e04bb167e98d2?s=96&d=mm&r=g","contentUrl":"https:\/\/secure.gravatar.com\/avatar\/cfa05125461486526b4e04bb167e98d2?s=96&d=mm&r=g","caption":"ricaldorichard237@gmail.com"},"sameAs":["https:\/\/mindef.gov.cm"],"url":"https:\/\/mindef.gov.cm\/gendarmerie-nationale\/author\/ricaldorichard237gmail-com\/"}]}},"rttpg_featured_image_url":{"full":["https:\/\/mindef.gov.cm\/gendarmerie-nationale\/wp-content\/uploads\/sites\/2\/2024\/11\/services-centraux-7.jpg",960,638,false],"landscape":["https:\/\/mindef.gov.cm\/gendarmerie-nationale\/wp-content\/uploads\/sites\/2\/2024\/11\/services-centraux-7.jpg",960,638,false],"portraits":["https:\/\/mindef.gov.cm\/gendarmerie-nationale\/wp-content\/uploads\/sites\/2\/2024\/11\/services-centraux-7.jpg",960,638,false],"thumbnail":["https:\/\/mindef.gov.cm\/gendarmerie-nationale\/wp-content\/uploads\/sites\/2\/2024\/11\/services-centraux-7-150x150.jpg",150,150,true],"medium":["https:\/\/mindef.gov.cm\/gendarmerie-nationale\/wp-content\/uploads\/sites\/2\/2024\/11\/services-centraux-7-300x199.jpg",300,199,true],"large":["https:\/\/mindef.gov.cm\/gendarmerie-nationale\/wp-content\/uploads\/sites\/2\/2024\/11\/services-centraux-7.jpg",800,532,false],"1536x1536":["https:\/\/mindef.gov.cm\/gendarmerie-nationale\/wp-content\/uploads\/sites\/2\/2024\/11\/services-centraux-7.jpg",960,638,false],"2048x2048":["https:\/\/mindef.gov.cm\/gendarmerie-nationale\/wp-content\/uploads\/sites\/2\/2024\/11\/services-centraux-7.jpg",960,638,false],"htmega_size_585x295":["https:\/\/mindef.gov.cm\/gendarmerie-nationale\/wp-content\/uploads\/sites\/2\/2024\/11\/services-centraux-7-585x295.jpg",585,295,true],"htmega_size_1170x536":["https:\/\/mindef.gov.cm\/gendarmerie-nationale\/wp-content\/uploads\/sites\/2\/2024\/11\/services-centraux-7-960x536.jpg",960,536,true],"htmega_size_396x360":["https:\/\/mindef.gov.cm\/gendarmerie-nationale\/wp-content\/uploads\/sites\/2\/2024\/11\/services-centraux-7-396x360.jpg",396,360,true],"rt_custom":["https:\/\/mindef.gov.cm\/gendarmerie-nationale\/wp-content\/uploads\/sites\/2\/2024\/11\/services-centraux-7.jpg",960,638,false]},"rttpg_author":{"display_name":"ricaldorichard237@gmail.com","author_link":"https:\/\/mindef.gov.cm\/gendarmerie-nationale\/author\/ricaldorichard237gmail-com\/"},"rttpg_comment":0,"rttpg_category":"<a href=\"https:\/\/mindef.gov.cm\/gendarmerie-nationale\/category\/scroll\/\" rel=\"category tag\">scroll<\/a>","rttpg_excerpt":"Par le d\u00e9cret N\u00b0 2024\/429 du 22 octobre 2024, le Pr\u00e9sident de la R\u00e9publique a proc\u00e9d\u00e9 \u00e0 la nomination de cinq nouveaux responsables dans les Services Centraux de la Gendarmerie Nationale.","_links":{"self":[{"href":"https:\/\/mindef.gov.cm\/gendarmerie-nationale\/wp-json\/wp\/v2\/posts\/5912","targetHints":{"allow":["GET"]}}],"collection":[{"href":"https:\/\/mindef.gov.cm\/gendarmerie-nationale\/wp-json\/wp\/v2\/posts"}],"about":[{"href":"https:\/\/mindef.gov.cm\/gendarmerie-nationale\/wp-json\/wp\/v2\/types\/post"}],"author":[{"embeddable":true,"href":"https:\/\/mindef.gov.cm\/gendarmerie-nationale\/wp-json\/wp\/v2\/users\/1"}],"replies":[{"embeddable":true,"href":"https:\/\/mindef.gov.cm\/gendarmerie-nationale\/wp-json\/wp\/v2\/comments?post=5912"}],"version-history":[{"count":1,"href":"https:\/\/mindef.gov.cm\/gendarmerie-nationale\/wp-json\/wp\/v2\/posts\/5912\/revisions"}],"predecessor-version":[{"id":5943,"href":"https:\/\/mindef.gov.cm\/gendarmerie-nationale\/wp-json\/wp\/v2\/posts\/5912\/revisions\/5943"}],"wp:featuredmedia":[{"embeddable":true,"href":"https:\/\/mindef.gov.cm\/gendarmerie-nationale\/wp-json\/wp\/v2\/media\/5929"}],"wp:attachment":[{"href":"https:\/\/mindef.gov.cm\/gendarmerie-nationale\/wp-json\/wp\/v2\/media?parent=5912"}],"wp:term":[{"taxonomy":"category","embeddable":true,"href":"https:\/\/mindef.gov.cm\/gendarmerie-nationale\/wp-json\/wp\/v2\/categories?post=5912"},{"taxonomy":"post_tag","embeddable":true,"href":"https:\/\/mindef.gov.cm\/gendarmerie-nationale\/wp-json\/wp\/v2\/tags?post=5912"}],"curies":[{"name":"wp","href":"https:\/\/api.w.org\/{rel}","templated":true}]}}