{"id":9544,"date":"2026-09-01T17:35:02","date_gmt":"2026-09-01T15:35:02","guid":{"rendered":"https:\/\/mindef.gov.cm\/gendarmerie-nationale\/?p=9544"},"modified":"2026-09-01T17:35:02","modified_gmt":"2026-09-01T15:35:02","slug":"operation-de-bouclage-a-atock","status":"publish","type":"post","link":"https:\/\/mindef.gov.cm\/gendarmerie-nationale\/2026\/09\/01\/operation-de-bouclage-a-atock\/","title":{"rendered":"COOP\u00c9RATION : UNE D\u00c9L\u00c9GATION DE LA GENDARMERIE ALG\u00c9RIENNE EN VISITE AU CAMEROUN"},"content":{"rendered":"<p>Il s\u2019agit d\u2019une d\u00e9l\u00e9gation de quatre (04) Gendarmes alg\u00e9riens conduite par le Commandant HOUD RECHDI.<\/p>\n<p><img fetchpriority=\"high\" decoding=\"async\" class=\"alignnone size-medium wp-image-9554\" src=\"https:\/\/mindef.gov.cm\/gendarmerie-nationale\/wp-content\/uploads\/sites\/2\/2026\/09\/ALGERIENNE-2-300x200.jpg\" alt=\"\" width=\"300\" height=\"200\" \/> <img decoding=\"async\" class=\"alignnone size-medium wp-image-9558\" src=\"https:\/\/mindef.gov.cm\/gendarmerie-nationale\/wp-content\/uploads\/sites\/2\/2026\/09\/ALGERIENNE-3-300x200.jpg\" alt=\"\" width=\"300\" height=\"200\" \/><\/p>\n<p>La premi\u00e8re halte de cette visite a \u00e9t\u00e9 l\u2019audience accord\u00e9e par le G\u00e9n\u00e9ral de Brigade LOUBA ZAL Pierre, Directeur Central de la Coordination (DCC), qui avait \u00e0 ses c\u00f4t\u00e9s, le Colonel Directeur Central de la Coordination adjoint, le Colonel Commandant les \u00c9coles et Centres d\u2019Instruction de la Gendarmerie, le Colonel Directeur de l\u2019Emploi et des Structures adjoint, ainsi que plusieurs responsables des Services Centraux et de certaines Formations sp\u00e9cialis\u00e9es de la Gendarmerie Nationale. Les \u00e9changes ont port\u00e9 sur la coop\u00e9ration militaire entre la Gendarmerie Nationale camerounaise et la Gendarmerie Nationale alg\u00e9rienne.<\/p>\n<p><img decoding=\"async\" class=\"alignnone size-medium wp-image-9562\" src=\"https:\/\/mindef.gov.cm\/gendarmerie-nationale\/wp-content\/uploads\/sites\/2\/2026\/09\/ALGERIENNE-4-300x200.jpg\" alt=\"\" width=\"300\" height=\"200\" \/> <img loading=\"lazy\" decoding=\"async\" class=\"alignnone size-medium wp-image-9566\" src=\"https:\/\/mindef.gov.cm\/gendarmerie-nationale\/wp-content\/uploads\/sites\/2\/2026\/09\/ALGERIENNE-5-300x200.jpg\" alt=\"\" width=\"300\" height=\"200\" \/><\/p>\n<p>Les points n\u00e9vralgiques ont \u00e9t\u00e9 la lutte contre le terrorisme, la lutte contre la cybercriminalit\u00e9 avec le ph\u00e9nom\u00e8ne de cryptomonnaie et la formation.<\/p>\n<p>Pendant deux jours, ils ont respectivement visit\u00e9 le Centre Num\u00e9rique National de Commandement, le Service Central des Recherches Judiciaires (SCRJ), le Centre de Perfectionnement \u00e0 la Police Judiciaire (CPPJ) et le Groupement Polyvalent d\u2019Intervention de la Gendarmerie Nationale (GPIGN) \u00e0 Mbankomo.<\/p>\n<p><img loading=\"lazy\" decoding=\"async\" class=\"alignnone size-medium wp-image-9570\" src=\"https:\/\/mindef.gov.cm\/gendarmerie-nationale\/wp-content\/uploads\/sites\/2\/2026\/09\/ALGERIENNE-6-300x200.jpg\" alt=\"\" width=\"300\" height=\"200\" \/> <img loading=\"lazy\" decoding=\"async\" class=\"alignnone size-medium wp-image-9574\" src=\"https:\/\/mindef.gov.cm\/gendarmerie-nationale\/wp-content\/uploads\/sites\/2\/2026\/09\/ALGERIENNE-7-300x200.jpg\" alt=\"\" width=\"300\" height=\"200\" \/><\/p>\n<p>Toutes ces \u00e9tapes ont \u00e9t\u00e9 ponctu\u00e9es par la pr\u00e9sentation de l\u2019historique de la Gendarmerie Nationale, de son organigramme et de ses missions, suivie de celle de l\u2019organisation et les missions des diff\u00e9rentes structures visit\u00e9es.<\/p>\n<p><img loading=\"lazy\" decoding=\"async\" class=\"alignnone size-medium wp-image-9578\" src=\"https:\/\/mindef.gov.cm\/gendarmerie-nationale\/wp-content\/uploads\/sites\/2\/2026\/09\/ALGERIENNE-8-300x200.jpg\" alt=\"\" width=\"300\" height=\"200\" \/> <img loading=\"lazy\" decoding=\"async\" class=\"alignnone size-medium wp-image-9582\" src=\"https:\/\/mindef.gov.cm\/gendarmerie-nationale\/wp-content\/uploads\/sites\/2\/2026\/09\/ALGERIENNE-9-300x200.jpg\" alt=\"\" width=\"300\" height=\"200\" \/><\/p>\n<p>Au terme de cette premi\u00e8re visite, les deux parties sont d\u2019ores et d\u00e9j\u00e0 en train de peaufiner le cadre de la coop\u00e9ration naissante, en attendant bien \u00e9videmment la visite de la partie camerounaise en Alg\u00e9rie.<\/p>\n","protected":false},"excerpt":{"rendered":"<p>La Gendarmerie Nationale Camerounaise a re\u00e7u des h\u00f4tes de marque les mardi 18 et mercredi 19 ao\u00fbt 2026.<\/p>\n","protected":false},"author":7,"featured_media":9550,"comment_status":"open","ping_status":"open","sticky":false,"template":"","format":"standard","meta":{"footnotes":""},"categories":[14],"tags":[88,28,17,118],"class_list":["post-9544","post","type-post","status-publish","format-standard","has-post-thumbnail","hentry","category-scroll","tag-activites-a-linternational","tag-actualites","tag-banniere","tag-scroll"],"yoast_head":"<!-- This site is optimized with the Yoast SEO plugin v23.3 - https:\/\/yoast.com\/wordpress\/plugins\/seo\/ -->\n<title>COOP\u00c9RATION : UNE D\u00c9L\u00c9GATION DE LA GENDARMERIE ALG\u00c9RIENNE EN VISITE AU CAMEROUN - Gendarmerie Nationale<\/title>\n<meta name=\"robots\" content=\"index, follow, max-snippet:-1, max-image-preview:large, max-video-preview:-1\" \/>\n<link rel=\"canonical\" href=\"https:\/\/mindef.gov.cm\/gendarmerie-nationale\/2026\/09\/01\/operation-de-bouclage-a-atock\/\" \/>\n<meta property=\"og:locale\" content=\"fr_FR\" \/>\n<meta property=\"og:type\" content=\"article\" \/>\n<meta property=\"og:title\" content=\"COOP\u00c9RATION : UNE D\u00c9L\u00c9GATION DE LA GENDARMERIE ALG\u00c9RIENNE EN VISITE AU CAMEROUN - Gendarmerie Nationale\" \/>\n<meta property=\"og:description\" content=\"La Gendarmerie Nationale Camerounaise a re\u00e7u des h\u00f4tes de marque les mardi 18 et mercredi 19 ao\u00fbt 2026.\" \/>\n<meta property=\"og:url\" content=\"https:\/\/mindef.gov.cm\/gendarmerie-nationale\/2026\/09\/01\/operation-de-bouclage-a-atock\/\" \/>\n<meta property=\"og:site_name\" content=\"Gendarmerie Nationale\" \/>\n<meta property=\"article:published_time\" content=\"2026-09-01T15:35:02+00:00\" \/>\n<meta property=\"og:image\" content=\"https:\/\/mindef.gov.cm\/gendarmerie-nationale\/wp-content\/uploads\/sites\/2\/2026\/09\/ALGERIENNE-1.jpg\" \/>\n\t<meta property=\"og:image:width\" content=\"590\" \/>\n\t<meta property=\"og:image:height\" content=\"393\" \/>\n\t<meta property=\"og:image:type\" content=\"image\/jpeg\" \/>\n<meta name=\"author\" content=\"alextakoutsingstephane02\" \/>\n<meta name=\"twitter:card\" content=\"summary_large_image\" \/>\n<meta name=\"twitter:label1\" content=\"\u00c9crit par\" \/>\n\t<meta name=\"twitter:data1\" content=\"alextakoutsingstephane02\" \/>\n\t<meta name=\"twitter:label2\" content=\"Dur\u00e9e de lecture estim\u00e9e\" \/>\n\t<meta name=\"twitter:data2\" content=\"4 minutes\" \/>\n<script type=\"application\/ld+json\" class=\"yoast-schema-graph\">{\"@context\":\"https:\/\/schema.org\",\"@graph\":[{\"@type\":\"Article\",\"@id\":\"https:\/\/mindef.gov.cm\/gendarmerie-nationale\/2026\/09\/01\/operation-de-bouclage-a-atock\/#article\",\"isPartOf\":{\"@id\":\"https:\/\/mindef.gov.cm\/gendarmerie-nationale\/2026\/09\/01\/operation-de-bouclage-a-atock\/\"},\"author\":{\"name\":\"alextakoutsingstephane02\",\"@id\":\"https:\/\/mindef.gov.cm\/gendarmerie-nationale\/#\/schema\/person\/c4651ba7a4086fb25bf9d26c0518a02a\"},\"headline\":\"COOP\u00c9RATION : UNE D\u00c9L\u00c9GATION DE LA GENDARMERIE ALG\u00c9RIENNE EN VISITE AU CAMEROUN\",\"datePublished\":\"2026-09-01T15:35:02+00:00\",\"dateModified\":\"2026-09-01T15:35:02+00:00\",\"mainEntityOfPage\":{\"@id\":\"https:\/\/mindef.gov.cm\/gendarmerie-nationale\/2026\/09\/01\/operation-de-bouclage-a-atock\/\"},\"wordCount\":284,\"commentCount\":0,\"publisher\":{\"@id\":\"https:\/\/mindef.gov.cm\/gendarmerie-nationale\/#organization\"},\"image\":{\"@id\":\"https:\/\/mindef.gov.cm\/gendarmerie-nationale\/2026\/09\/01\/operation-de-bouclage-a-atock\/#primaryimage\"},\"thumbnailUrl\":\"https:\/\/mindef.gov.cm\/gendarmerie-nationale\/wp-content\/uploads\/sites\/2\/2026\/09\/ALGERIENNE-1.jpg\",\"keywords\":[\"Activit\u00e9s \u00e0 l\u2019international\",\"Actualit\u00e9s\",\"banniere\",\"scroll\"],\"articleSection\":[\"scroll\"],\"inLanguage\":\"fr-FR\",\"potentialAction\":[{\"@type\":\"CommentAction\",\"name\":\"Comment\",\"target\":[\"https:\/\/mindef.gov.cm\/gendarmerie-nationale\/2026\/09\/01\/operation-de-bouclage-a-atock\/#respond\"]}]},{\"@type\":\"WebPage\",\"@id\":\"https:\/\/mindef.gov.cm\/gendarmerie-nationale\/2026\/09\/01\/operation-de-bouclage-a-atock\/\",\"url\":\"https:\/\/mindef.gov.cm\/gendarmerie-nationale\/2026\/09\/01\/operation-de-bouclage-a-atock\/\",\"name\":\"COOP\u00c9RATION : UNE D\u00c9L\u00c9GATION DE LA GENDARMERIE ALG\u00c9RIENNE EN VISITE AU CAMEROUN - Gendarmerie Nationale\",\"isPartOf\":{\"@id\":\"https:\/\/mindef.gov.cm\/gendarmerie-nationale\/#website\"},\"primaryImageOfPage\":{\"@id\":\"https:\/\/mindef.gov.cm\/gendarmerie-nationale\/2026\/09\/01\/operation-de-bouclage-a-atock\/#primaryimage\"},\"image\":{\"@id\":\"https:\/\/mindef.gov.cm\/gendarmerie-nationale\/2026\/09\/01\/operation-de-bouclage-a-atock\/#primaryimage\"},\"thumbnailUrl\":\"https:\/\/mindef.gov.cm\/gendarmerie-nationale\/wp-content\/uploads\/sites\/2\/2026\/09\/ALGERIENNE-1.jpg\",\"datePublished\":\"2026-09-01T15:35:02+00:00\",\"dateModified\":\"2026-09-01T15:35:02+00:00\",\"breadcrumb\":{\"@id\":\"https:\/\/mindef.gov.cm\/gendarmerie-nationale\/2026\/09\/01\/operation-de-bouclage-a-atock\/#breadcrumb\"},\"inLanguage\":\"fr-FR\",\"potentialAction\":[{\"@type\":\"ReadAction\",\"target\":[\"https:\/\/mindef.gov.cm\/gendarmerie-nationale\/2026\/09\/01\/operation-de-bouclage-a-atock\/\"]}]},{\"@type\":\"ImageObject\",\"inLanguage\":\"fr-FR\",\"@id\":\"https:\/\/mindef.gov.cm\/gendarmerie-nationale\/2026\/09\/01\/operation-de-bouclage-a-atock\/#primaryimage\",\"url\":\"https:\/\/mindef.gov.cm\/gendarmerie-nationale\/wp-content\/uploads\/sites\/2\/2026\/09\/ALGERIENNE-1.jpg\",\"contentUrl\":\"https:\/\/mindef.gov.cm\/gendarmerie-nationale\/wp-content\/uploads\/sites\/2\/2026\/09\/ALGERIENNE-1.jpg\",\"width\":590,\"height\":393},{\"@type\":\"BreadcrumbList\",\"@id\":\"https:\/\/mindef.gov.cm\/gendarmerie-nationale\/2026\/09\/01\/operation-de-bouclage-a-atock\/#breadcrumb\",\"itemListElement\":[{\"@type\":\"ListItem\",\"position\":1,\"name\":\"Home\",\"item\":\"https:\/\/mindef.gov.cm\/gendarmerie-nationale\/\"},{\"@type\":\"ListItem\",\"position\":2,\"name\":\"COOP\u00c9RATION : UNE D\u00c9L\u00c9GATION DE LA GENDARMERIE ALG\u00c9RIENNE EN VISITE AU CAMEROUN\"}]},{\"@type\":\"WebSite\",\"@id\":\"https:\/\/mindef.gov.cm\/gendarmerie-nationale\/#website\",\"url\":\"https:\/\/mindef.gov.cm\/gendarmerie-nationale\/\",\"name\":\"Gendarmerie Nationale\",\"description\":\"Site Web GENDAMERIE\",\"publisher\":{\"@id\":\"https:\/\/mindef.gov.cm\/gendarmerie-nationale\/#organization\"},\"potentialAction\":[{\"@type\":\"SearchAction\",\"target\":{\"@type\":\"EntryPoint\",\"urlTemplate\":\"https:\/\/mindef.gov.cm\/gendarmerie-nationale\/?s={search_term_string}\"},\"query-input\":\"required name=search_term_string\"}],\"inLanguage\":\"fr-FR\"},{\"@type\":\"Organization\",\"@id\":\"https:\/\/mindef.gov.cm\/gendarmerie-nationale\/#organization\",\"name\":\"Gendarmerie Nationale\",\"url\":\"https:\/\/mindef.gov.cm\/gendarmerie-nationale\/\",\"logo\":{\"@type\":\"ImageObject\",\"inLanguage\":\"fr-FR\",\"@id\":\"https:\/\/mindef.gov.cm\/gendarmerie-nationale\/#\/schema\/logo\/image\/\",\"url\":\"https:\/\/mindef.gov.cm\/gendarmerie-nationale\/wp-content\/uploads\/sites\/2\/2023\/07\/LOGO-MINDEF-PNG-FRANCAIS.png\",\"contentUrl\":\"https:\/\/mindef.gov.cm\/gendarmerie-nationale\/wp-content\/uploads\/sites\/2\/2023\/07\/LOGO-MINDEF-PNG-FRANCAIS.png\",\"width\":2126,\"height\":478,\"caption\":\"Gendarmerie Nationale\"},\"image\":{\"@id\":\"https:\/\/mindef.gov.cm\/gendarmerie-nationale\/#\/schema\/logo\/image\/\"}},{\"@type\":\"Person\",\"@id\":\"https:\/\/mindef.gov.cm\/gendarmerie-nationale\/#\/schema\/person\/c4651ba7a4086fb25bf9d26c0518a02a\",\"name\":\"alextakoutsingstephane02\",\"image\":{\"@type\":\"ImageObject\",\"inLanguage\":\"fr-FR\",\"@id\":\"https:\/\/mindef.gov.cm\/gendarmerie-nationale\/#\/schema\/person\/image\/\",\"url\":\"https:\/\/secure.gravatar.com\/avatar\/deb2059ceeac4997bfe3fcd2696ea10a?s=96&d=mm&r=g\",\"contentUrl\":\"https:\/\/secure.gravatar.com\/avatar\/deb2059ceeac4997bfe3fcd2696ea10a?s=96&d=mm&r=g\",\"caption\":\"alextakoutsingstephane02\"},\"url\":\"https:\/\/mindef.gov.cm\/gendarmerie-nationale\/author\/alextakoutsingstephane02\/\"}]}<\/script>\n<!-- \/ Yoast SEO plugin. -->","yoast_head_json":{"title":"COOP\u00c9RATION : UNE D\u00c9L\u00c9GATION DE LA GENDARMERIE ALG\u00c9RIENNE EN VISITE AU CAMEROUN - Gendarmerie Nationale","robots":{"index":"index","follow":"follow","max-snippet":"max-snippet:-1","max-image-preview":"max-image-preview:large","max-video-preview":"max-video-preview:-1"},"canonical":"https:\/\/mindef.gov.cm\/gendarmerie-nationale\/2026\/09\/01\/operation-de-bouclage-a-atock\/","og_locale":"fr_FR","og_type":"article","og_title":"COOP\u00c9RATION : UNE D\u00c9L\u00c9GATION DE LA GENDARMERIE ALG\u00c9RIENNE EN VISITE AU CAMEROUN - Gendarmerie Nationale","og_description":"La Gendarmerie Nationale Camerounaise a re\u00e7u des h\u00f4tes de marque les mardi 18 et mercredi 19 ao\u00fbt 2026.","og_url":"https:\/\/mindef.gov.cm\/gendarmerie-nationale\/2026\/09\/01\/operation-de-bouclage-a-atock\/","og_site_name":"Gendarmerie Nationale","article_published_time":"2026-09-01T15:35:02+00:00","og_image":[{"width":590,"height":393,"url":"https:\/\/mindef.gov.cm\/gendarmerie-nationale\/wp-content\/uploads\/sites\/2\/2026\/09\/ALGERIENNE-1.jpg","type":"image\/jpeg"}],"author":"alextakoutsingstephane02","twitter_card":"summary_large_image","twitter_misc":{"\u00c9crit par":"alextakoutsingstephane02","Dur\u00e9e de lecture estim\u00e9e":"4 minutes"},"schema":{"@context":"https:\/\/schema.org","@graph":[{"@type":"Article","@id":"https:\/\/mindef.gov.cm\/gendarmerie-nationale\/2026\/09\/01\/operation-de-bouclage-a-atock\/#article","isPartOf":{"@id":"https:\/\/mindef.gov.cm\/gendarmerie-nationale\/2026\/09\/01\/operation-de-bouclage-a-atock\/"},"author":{"name":"alextakoutsingstephane02","@id":"https:\/\/mindef.gov.cm\/gendarmerie-nationale\/#\/schema\/person\/c4651ba7a4086fb25bf9d26c0518a02a"},"headline":"COOP\u00c9RATION : UNE D\u00c9L\u00c9GATION DE LA GENDARMERIE ALG\u00c9RIENNE EN VISITE AU CAMEROUN","datePublished":"2026-09-01T15:35:02+00:00","dateModified":"2026-09-01T15:35:02+00:00","mainEntityOfPage":{"@id":"https:\/\/mindef.gov.cm\/gendarmerie-nationale\/2026\/09\/01\/operation-de-bouclage-a-atock\/"},"wordCount":284,"commentCount":0,"publisher":{"@id":"https:\/\/mindef.gov.cm\/gendarmerie-nationale\/#organization"},"image":{"@id":"https:\/\/mindef.gov.cm\/gendarmerie-nationale\/2026\/09\/01\/operation-de-bouclage-a-atock\/#primaryimage"},"thumbnailUrl":"https:\/\/mindef.gov.cm\/gendarmerie-nationale\/wp-content\/uploads\/sites\/2\/2026\/09\/ALGERIENNE-1.jpg","keywords":["Activit\u00e9s \u00e0 l\u2019international","Actualit\u00e9s","banniere","scroll"],"articleSection":["scroll"],"inLanguage":"fr-FR","potentialAction":[{"@type":"CommentAction","name":"Comment","target":["https:\/\/mindef.gov.cm\/gendarmerie-nationale\/2026\/09\/01\/operation-de-bouclage-a-atock\/#respond"]}]},{"@type":"WebPage","@id":"https:\/\/mindef.gov.cm\/gendarmerie-nationale\/2026\/09\/01\/operation-de-bouclage-a-atock\/","url":"https:\/\/mindef.gov.cm\/gendarmerie-nationale\/2026\/09\/01\/operation-de-bouclage-a-atock\/","name":"COOP\u00c9RATION : UNE D\u00c9L\u00c9GATION DE LA GENDARMERIE ALG\u00c9RIENNE EN VISITE AU CAMEROUN - Gendarmerie Nationale","isPartOf":{"@id":"https:\/\/mindef.gov.cm\/gendarmerie-nationale\/#website"},"primaryImageOfPage":{"@id":"https:\/\/mindef.gov.cm\/gendarmerie-nationale\/2026\/09\/01\/operation-de-bouclage-a-atock\/#primaryimage"},"image":{"@id":"https:\/\/mindef.gov.cm\/gendarmerie-nationale\/2026\/09\/01\/operation-de-bouclage-a-atock\/#primaryimage"},"thumbnailUrl":"https:\/\/mindef.gov.cm\/gendarmerie-nationale\/wp-content\/uploads\/sites\/2\/2026\/09\/ALGERIENNE-1.jpg","datePublished":"2026-09-01T15:35:02+00:00","dateModified":"2026-09-01T15:35:02+00:00","breadcrumb":{"@id":"https:\/\/mindef.gov.cm\/gendarmerie-nationale\/2026\/09\/01\/operation-de-bouclage-a-atock\/#breadcrumb"},"inLanguage":"fr-FR","potentialAction":[{"@type":"ReadAction","target":["https:\/\/mindef.gov.cm\/gendarmerie-nationale\/2026\/09\/01\/operation-de-bouclage-a-atock\/"]}]},{"@type":"ImageObject","inLanguage":"fr-FR","@id":"https:\/\/mindef.gov.cm\/gendarmerie-nationale\/2026\/09\/01\/operation-de-bouclage-a-atock\/#primaryimage","url":"https:\/\/mindef.gov.cm\/gendarmerie-nationale\/wp-content\/uploads\/sites\/2\/2026\/09\/ALGERIENNE-1.jpg","contentUrl":"https:\/\/mindef.gov.cm\/gendarmerie-nationale\/wp-content\/uploads\/sites\/2\/2026\/09\/ALGERIENNE-1.jpg","width":590,"height":393},{"@type":"BreadcrumbList","@id":"https:\/\/mindef.gov.cm\/gendarmerie-nationale\/2026\/09\/01\/operation-de-bouclage-a-atock\/#breadcrumb","itemListElement":[{"@type":"ListItem","position":1,"name":"Home","item":"https:\/\/mindef.gov.cm\/gendarmerie-nationale\/"},{"@type":"ListItem","position":2,"name":"COOP\u00c9RATION : UNE D\u00c9L\u00c9GATION DE LA GENDARMERIE ALG\u00c9RIENNE EN VISITE AU CAMEROUN"}]},{"@type":"WebSite","@id":"https:\/\/mindef.gov.cm\/gendarmerie-nationale\/#website","url":"https:\/\/mindef.gov.cm\/gendarmerie-nationale\/","name":"Gendarmerie Nationale","description":"Site Web GENDAMERIE","publisher":{"@id":"https:\/\/mindef.gov.cm\/gendarmerie-nationale\/#organization"},"potentialAction":[{"@type":"SearchAction","target":{"@type":"EntryPoint","urlTemplate":"https:\/\/mindef.gov.cm\/gendarmerie-nationale\/?s={search_term_string}"},"query-input":"required name=search_term_string"}],"inLanguage":"fr-FR"},{"@type":"Organization","@id":"https:\/\/mindef.gov.cm\/gendarmerie-nationale\/#organization","name":"Gendarmerie Nationale","url":"https:\/\/mindef.gov.cm\/gendarmerie-nationale\/","logo":{"@type":"ImageObject","inLanguage":"fr-FR","@id":"https:\/\/mindef.gov.cm\/gendarmerie-nationale\/#\/schema\/logo\/image\/","url":"https:\/\/mindef.gov.cm\/gendarmerie-nationale\/wp-content\/uploads\/sites\/2\/2023\/07\/LOGO-MINDEF-PNG-FRANCAIS.png","contentUrl":"https:\/\/mindef.gov.cm\/gendarmerie-nationale\/wp-content\/uploads\/sites\/2\/2023\/07\/LOGO-MINDEF-PNG-FRANCAIS.png","width":2126,"height":478,"caption":"Gendarmerie Nationale"},"image":{"@id":"https:\/\/mindef.gov.cm\/gendarmerie-nationale\/#\/schema\/logo\/image\/"}},{"@type":"Person","@id":"https:\/\/mindef.gov.cm\/gendarmerie-nationale\/#\/schema\/person\/c4651ba7a4086fb25bf9d26c0518a02a","name":"alextakoutsingstephane02","image":{"@type":"ImageObject","inLanguage":"fr-FR","@id":"https:\/\/mindef.gov.cm\/gendarmerie-nationale\/#\/schema\/person\/image\/","url":"https:\/\/secure.gravatar.com\/avatar\/deb2059ceeac4997bfe3fcd2696ea10a?s=96&d=mm&r=g","contentUrl":"https:\/\/secure.gravatar.com\/avatar\/deb2059ceeac4997bfe3fcd2696ea10a?s=96&d=mm&r=g","caption":"alextakoutsingstephane02"},"url":"https:\/\/mindef.gov.cm\/gendarmerie-nationale\/author\/alextakoutsingstephane02\/"}]}},"rttpg_featured_image_url":{"full":["https:\/\/mindef.gov.cm\/gendarmerie-nationale\/wp-content\/uploads\/sites\/2\/2026\/09\/ALGERIENNE-1.jpg",590,393,false],"landscape":["https:\/\/mindef.gov.cm\/gendarmerie-nationale\/wp-content\/uploads\/sites\/2\/2026\/09\/ALGERIENNE-1.jpg",590,393,false],"portraits":["https:\/\/mindef.gov.cm\/gendarmerie-nationale\/wp-content\/uploads\/sites\/2\/2026\/09\/ALGERIENNE-1.jpg",590,393,false],"thumbnail":["https:\/\/mindef.gov.cm\/gendarmerie-nationale\/wp-content\/uploads\/sites\/2\/2026\/09\/ALGERIENNE-1-150x150.jpg",150,150,true],"medium":["https:\/\/mindef.gov.cm\/gendarmerie-nationale\/wp-content\/uploads\/sites\/2\/2026\/09\/ALGERIENNE-1-300x200.jpg",300,200,true],"large":["https:\/\/mindef.gov.cm\/gendarmerie-nationale\/wp-content\/uploads\/sites\/2\/2026\/09\/ALGERIENNE-1.jpg",590,393,false],"1536x1536":["https:\/\/mindef.gov.cm\/gendarmerie-nationale\/wp-content\/uploads\/sites\/2\/2026\/09\/ALGERIENNE-1.jpg",590,393,false],"2048x2048":["https:\/\/mindef.gov.cm\/gendarmerie-nationale\/wp-content\/uploads\/sites\/2\/2026\/09\/ALGERIENNE-1.jpg",590,393,false],"htmega_size_585x295":["https:\/\/mindef.gov.cm\/gendarmerie-nationale\/wp-content\/uploads\/sites\/2\/2026\/09\/ALGERIENNE-1-585x295.jpg",585,295,true],"htmega_size_1170x536":["https:\/\/mindef.gov.cm\/gendarmerie-nationale\/wp-content\/uploads\/sites\/2\/2026\/09\/ALGERIENNE-1.jpg",590,393,false],"htmega_size_396x360":["https:\/\/mindef.gov.cm\/gendarmerie-nationale\/wp-content\/uploads\/sites\/2\/2026\/09\/ALGERIENNE-1-396x360.jpg",396,360,true],"rt_custom":["https:\/\/mindef.gov.cm\/gendarmerie-nationale\/wp-content\/uploads\/sites\/2\/2026\/09\/ALGERIENNE-1.jpg",590,393,false]},"rttpg_author":{"display_name":"alextakoutsingstephane02","author_link":"https:\/\/mindef.gov.cm\/gendarmerie-nationale\/author\/alextakoutsingstephane02\/"},"rttpg_comment":0,"rttpg_category":"<a href=\"https:\/\/mindef.gov.cm\/gendarmerie-nationale\/category\/scroll\/\" rel=\"category tag\">scroll<\/a>","rttpg_excerpt":"La Gendarmerie Nationale Camerounaise a re\u00e7u des h\u00f4tes de marque les mardi 18 et mercredi 19 ao\u00fbt 2026.","_links":{"self":[{"href":"https:\/\/mindef.gov.cm\/gendarmerie-nationale\/wp-json\/wp\/v2\/posts\/9544","targetHints":{"allow":["GET"]}}],"collection":[{"href":"https:\/\/mindef.gov.cm\/gendarmerie-nationale\/wp-json\/wp\/v2\/posts"}],"about":[{"href":"https:\/\/mindef.gov.cm\/gendarmerie-nationale\/wp-json\/wp\/v2\/types\/post"}],"author":[{"embeddable":true,"href":"https:\/\/mindef.gov.cm\/gendarmerie-nationale\/wp-json\/wp\/v2\/users\/7"}],"replies":[{"embeddable":true,"href":"https:\/\/mindef.gov.cm\/gendarmerie-nationale\/wp-json\/wp\/v2\/comments?post=9544"}],"version-history":[{"count":1,"href":"https:\/\/mindef.gov.cm\/gendarmerie-nationale\/wp-json\/wp\/v2\/posts\/9544\/revisions"}],"predecessor-version":[{"id":9586,"href":"https:\/\/mindef.gov.cm\/gendarmerie-nationale\/wp-json\/wp\/v2\/posts\/9544\/revisions\/9586"}],"wp:featuredmedia":[{"embeddable":true,"href":"https:\/\/mindef.gov.cm\/gendarmerie-nationale\/wp-json\/wp\/v2\/media\/9550"}],"wp:attachment":[{"href":"https:\/\/mindef.gov.cm\/gendarmerie-nationale\/wp-json\/wp\/v2\/media?parent=9544"}],"wp:term":[{"taxonomy":"category","embeddable":true,"href":"https:\/\/mindef.gov.cm\/gendarmerie-nationale\/wp-json\/wp\/v2\/categories?post=9544"},{"taxonomy":"post_tag","embeddable":true,"href":"https:\/\/mindef.gov.cm\/gendarmerie-nationale\/wp-json\/wp\/v2\/tags?post=9544"}],"curies":[{"name":"wp","href":"https:\/\/api.w.org\/{rel}","templated":true}]}}