{"id":9596,"date":"2026-09-01T17:48:52","date_gmt":"2026-09-01T15:48:52","guid":{"rendered":"https:\/\/mindef.gov.cm\/gendarmerie-nationale\/?p=9596"},"modified":"2026-09-01T17:48:52","modified_gmt":"2026-09-01T15:48:52","slug":"yaounde-la-premiere-region-de-gendarmerie-intensifie-sa-lutte-contre-la-criminalite","status":"publish","type":"post","link":"https:\/\/mindef.gov.cm\/gendarmerie-nationale\/2026\/09\/01\/yaounde-la-premiere-region-de-gendarmerie-intensifie-sa-lutte-contre-la-criminalite\/","title":{"rendered":"YAOUND\u00c9 : LA PREMI\u00c8RE R\u00c9GION DE GENDARMERIE INTENSIFIE SA LUTTE CONTRE LA CRIMINALIT\u00c9"},"content":{"rendered":"<p>Les investissements ont conduit \u00e0 l&#8217;interpellation du petit ami de la victime, en fuite depuis son forfait, le 17 ao\u00fbt 2026 dans un coin r\u00e9put\u00e9 de trafic de stup\u00e9fiants \u00e0 Mokolo Elobi. Conduit \u00e0 l&#8217;Unit\u00e9 de c\u00e9ans pour exploitation, le suspect, \u00e2g\u00e9 de 22 ans, est pass\u00e9 aux aveux complets.<\/p>\n<p><img fetchpriority=\"high\" decoding=\"async\" class=\"alignnone size-medium wp-image-9602\" src=\"https:\/\/mindef.gov.cm\/gendarmerie-nationale\/wp-content\/uploads\/sites\/2\/2026\/09\/Saisi-2-300x274.jpg\" alt=\"\" width=\"300\" height=\"274\" \/> <img decoding=\"async\" class=\"alignnone size-medium wp-image-9606\" src=\"https:\/\/mindef.gov.cm\/gendarmerie-nationale\/wp-content\/uploads\/sites\/2\/2026\/09\/Saisi-3-300x200.jpg\" alt=\"\" width=\"300\" height=\"200\" \/><\/p>\n<p>Au cours de la reconstitution des faits sur le lieu du crime, le 20 ao\u00fbt 2026, le pr\u00e9sum\u00e9 assassin a d\u00e9clar\u00e9 avoir re\u00e7u la d\u00e9funte chez lui le 09 ao\u00fbt dernier et l&#8217;a \u00e9trangl\u00e9e apr\u00e8s une dispute. Il a ensuite gard\u00e9 son corps pendant deux jours dans sa chambre avant d&#8217;aller l&#8217;enterrer nuitamment tout seul derri\u00e8re son domicile dans une tombe peu profonde qu&#8217;il avait creus\u00e9e deux jours avant son forfait. A en croire le Chef du quartier, c&#8217;est l&#8217;odeur de la d\u00e9pouille \u00e0 peine ensevelie qui a alert\u00e9 le voisinage jusqu&#8217;\u00e0 la d\u00e9couverte de la tombe.<\/p>\n<p><img decoding=\"async\" class=\"alignnone size-medium wp-image-9610\" src=\"https:\/\/mindef.gov.cm\/gendarmerie-nationale\/wp-content\/uploads\/sites\/2\/2026\/09\/Saisi-4-300x200.jpg\" alt=\"\" width=\"300\" height=\"200\" \/> <img loading=\"lazy\" decoding=\"async\" class=\"alignnone size-medium wp-image-9614\" src=\"https:\/\/mindef.gov.cm\/gendarmerie-nationale\/wp-content\/uploads\/sites\/2\/2026\/09\/Saisi-5-225x300.jpg\" alt=\"\" width=\"225\" height=\"300\" \/><\/p>\n<p>D&#8217;apr\u00e8s le Lieutenant-Colonel ETOUA Julien Freddy, Chef d&#8217;Etat-Major de la Premi\u00e8re R\u00e9gion de Gendarmerie, le mobile du meurtre reste flou, car le mis en cause affirme d&#8217;abord avoir commis ce drame parce qu&#8217;il aurait d\u00e9couvert que la victime \u00e9tait enceinte d&#8217;un autre homme. Puis, qu\u2019il avait tu\u00e9 sa copine \u00e0 cause d&#8217;une dette de 50.000 FCFA qu&#8217;elle ne cessait de lui r\u00e9clamer.<\/p>\n<p><img loading=\"lazy\" decoding=\"async\" class=\"alignnone size-medium wp-image-9618\" src=\"https:\/\/mindef.gov.cm\/gendarmerie-nationale\/wp-content\/uploads\/sites\/2\/2026\/09\/Saisi-6-135x300.jpg\" alt=\"\" width=\"135\" height=\"300\" \/> <img loading=\"lazy\" decoding=\"async\" class=\"alignnone size-medium wp-image-9622\" src=\"https:\/\/mindef.gov.cm\/gendarmerie-nationale\/wp-content\/uploads\/sites\/2\/2026\/09\/Saisi-7-300x200.jpg\" alt=\"\" width=\"300\" height=\"200\" \/><\/p>\n<p>Le pr\u00e9sum\u00e9 assassin a \u00e9t\u00e9 mis \u00e0 la disposition de la justice pour r\u00e9pondre de son crime.<\/p>\n","protected":false},"excerpt":{"rendered":"<p>Saisi le 12 ao\u00fbt 2026 par la famille de la nomm\u00e9e YIDI EBABI Diane, \u00e2g\u00e9e de 19 ans, suite \u00e0 la d\u00e9couverte de son cadavre dans une tombe de fortune au lieu-dit Dakar en bas au quartier Efoulan, le Service de Recherches Judiciaires et de la Lutte contre le Grand Banditisme de la Premi\u00e8re R\u00e9gion de Gendarmerie a ouvert une enqu\u00eate. <\/p>\n","protected":false},"author":7,"featured_media":9598,"comment_status":"open","ping_status":"open","sticky":false,"template":"","format":"standard","meta":{"footnotes":""},"categories":[14],"tags":[28,17,98,118],"class_list":["post-9596","post","type-post","status-publish","format-standard","has-post-thumbnail","hentry","category-scroll","tag-actualites","tag-banniere","tag-lutte-contre-le-grand","tag-scroll"],"yoast_head":"<!-- This site is optimized with the Yoast SEO plugin v23.3 - https:\/\/yoast.com\/wordpress\/plugins\/seo\/ -->\n<title>YAOUND\u00c9 : LA PREMI\u00c8RE R\u00c9GION DE GENDARMERIE INTENSIFIE SA LUTTE CONTRE LA CRIMINALIT\u00c9 - Gendarmerie Nationale<\/title>\n<meta name=\"robots\" content=\"index, follow, max-snippet:-1, max-image-preview:large, max-video-preview:-1\" \/>\n<link rel=\"canonical\" href=\"https:\/\/mindef.gov.cm\/gendarmerie-nationale\/2026\/09\/01\/yaounde-la-premiere-region-de-gendarmerie-intensifie-sa-lutte-contre-la-criminalite\/\" \/>\n<meta property=\"og:locale\" content=\"fr_FR\" \/>\n<meta property=\"og:type\" content=\"article\" \/>\n<meta property=\"og:title\" content=\"YAOUND\u00c9 : LA PREMI\u00c8RE R\u00c9GION DE GENDARMERIE INTENSIFIE SA LUTTE CONTRE LA CRIMINALIT\u00c9 - Gendarmerie Nationale\" \/>\n<meta property=\"og:description\" content=\"Saisi le 12 ao\u00fbt 2026 par la famille de la nomm\u00e9e YIDI EBABI Diane, \u00e2g\u00e9e de 19 ans, suite \u00e0 la d\u00e9couverte de son cadavre dans une tombe de fortune au lieu-dit Dakar en bas au quartier Efoulan, le Service de Recherches Judiciaires et de la Lutte contre le Grand Banditisme de la Premi\u00e8re R\u00e9gion de Gendarmerie a ouvert une enqu\u00eate.\" \/>\n<meta property=\"og:url\" content=\"https:\/\/mindef.gov.cm\/gendarmerie-nationale\/2026\/09\/01\/yaounde-la-premiere-region-de-gendarmerie-intensifie-sa-lutte-contre-la-criminalite\/\" \/>\n<meta property=\"og:site_name\" content=\"Gendarmerie Nationale\" \/>\n<meta property=\"article:published_time\" content=\"2026-09-01T15:48:52+00:00\" \/>\n<meta property=\"og:image\" content=\"https:\/\/mindef.gov.cm\/gendarmerie-nationale\/wp-content\/uploads\/sites\/2\/2026\/09\/Saisi-1.jpg\" \/>\n\t<meta property=\"og:image:width\" content=\"898\" \/>\n\t<meta property=\"og:image:height\" content=\"1600\" \/>\n\t<meta property=\"og:image:type\" content=\"image\/jpeg\" \/>\n<meta name=\"author\" content=\"alextakoutsingstephane02\" \/>\n<meta name=\"twitter:card\" content=\"summary_large_image\" \/>\n<meta name=\"twitter:label1\" content=\"\u00c9crit par\" \/>\n\t<meta name=\"twitter:data1\" content=\"alextakoutsingstephane02\" \/>\n\t<meta name=\"twitter:label2\" content=\"Dur\u00e9e de lecture estim\u00e9e\" \/>\n\t<meta name=\"twitter:data2\" content=\"3 minutes\" \/>\n<script type=\"application\/ld+json\" class=\"yoast-schema-graph\">{\"@context\":\"https:\/\/schema.org\",\"@graph\":[{\"@type\":\"Article\",\"@id\":\"https:\/\/mindef.gov.cm\/gendarmerie-nationale\/2026\/09\/01\/yaounde-la-premiere-region-de-gendarmerie-intensifie-sa-lutte-contre-la-criminalite\/#article\",\"isPartOf\":{\"@id\":\"https:\/\/mindef.gov.cm\/gendarmerie-nationale\/2026\/09\/01\/yaounde-la-premiere-region-de-gendarmerie-intensifie-sa-lutte-contre-la-criminalite\/\"},\"author\":{\"name\":\"alextakoutsingstephane02\",\"@id\":\"https:\/\/mindef.gov.cm\/gendarmerie-nationale\/#\/schema\/person\/c4651ba7a4086fb25bf9d26c0518a02a\"},\"headline\":\"YAOUND\u00c9 : LA PREMI\u00c8RE R\u00c9GION DE GENDARMERIE INTENSIFIE SA LUTTE CONTRE LA CRIMINALIT\u00c9\",\"datePublished\":\"2026-09-01T15:48:52+00:00\",\"dateModified\":\"2026-09-01T15:48:52+00:00\",\"mainEntityOfPage\":{\"@id\":\"https:\/\/mindef.gov.cm\/gendarmerie-nationale\/2026\/09\/01\/yaounde-la-premiere-region-de-gendarmerie-intensifie-sa-lutte-contre-la-criminalite\/\"},\"wordCount\":266,\"commentCount\":0,\"publisher\":{\"@id\":\"https:\/\/mindef.gov.cm\/gendarmerie-nationale\/#organization\"},\"image\":{\"@id\":\"https:\/\/mindef.gov.cm\/gendarmerie-nationale\/2026\/09\/01\/yaounde-la-premiere-region-de-gendarmerie-intensifie-sa-lutte-contre-la-criminalite\/#primaryimage\"},\"thumbnailUrl\":\"https:\/\/mindef.gov.cm\/gendarmerie-nationale\/wp-content\/uploads\/sites\/2\/2026\/09\/Saisi-1.jpg\",\"keywords\":[\"Actualit\u00e9s\",\"banniere\",\"lutte contre le grand\",\"scroll\"],\"articleSection\":[\"scroll\"],\"inLanguage\":\"fr-FR\",\"potentialAction\":[{\"@type\":\"CommentAction\",\"name\":\"Comment\",\"target\":[\"https:\/\/mindef.gov.cm\/gendarmerie-nationale\/2026\/09\/01\/yaounde-la-premiere-region-de-gendarmerie-intensifie-sa-lutte-contre-la-criminalite\/#respond\"]}]},{\"@type\":\"WebPage\",\"@id\":\"https:\/\/mindef.gov.cm\/gendarmerie-nationale\/2026\/09\/01\/yaounde-la-premiere-region-de-gendarmerie-intensifie-sa-lutte-contre-la-criminalite\/\",\"url\":\"https:\/\/mindef.gov.cm\/gendarmerie-nationale\/2026\/09\/01\/yaounde-la-premiere-region-de-gendarmerie-intensifie-sa-lutte-contre-la-criminalite\/\",\"name\":\"YAOUND\u00c9 : LA PREMI\u00c8RE R\u00c9GION DE GENDARMERIE INTENSIFIE SA LUTTE CONTRE LA CRIMINALIT\u00c9 - Gendarmerie Nationale\",\"isPartOf\":{\"@id\":\"https:\/\/mindef.gov.cm\/gendarmerie-nationale\/#website\"},\"primaryImageOfPage\":{\"@id\":\"https:\/\/mindef.gov.cm\/gendarmerie-nationale\/2026\/09\/01\/yaounde-la-premiere-region-de-gendarmerie-intensifie-sa-lutte-contre-la-criminalite\/#primaryimage\"},\"image\":{\"@id\":\"https:\/\/mindef.gov.cm\/gendarmerie-nationale\/2026\/09\/01\/yaounde-la-premiere-region-de-gendarmerie-intensifie-sa-lutte-contre-la-criminalite\/#primaryimage\"},\"thumbnailUrl\":\"https:\/\/mindef.gov.cm\/gendarmerie-nationale\/wp-content\/uploads\/sites\/2\/2026\/09\/Saisi-1.jpg\",\"datePublished\":\"2026-09-01T15:48:52+00:00\",\"dateModified\":\"2026-09-01T15:48:52+00:00\",\"breadcrumb\":{\"@id\":\"https:\/\/mindef.gov.cm\/gendarmerie-nationale\/2026\/09\/01\/yaounde-la-premiere-region-de-gendarmerie-intensifie-sa-lutte-contre-la-criminalite\/#breadcrumb\"},\"inLanguage\":\"fr-FR\",\"potentialAction\":[{\"@type\":\"ReadAction\",\"target\":[\"https:\/\/mindef.gov.cm\/gendarmerie-nationale\/2026\/09\/01\/yaounde-la-premiere-region-de-gendarmerie-intensifie-sa-lutte-contre-la-criminalite\/\"]}]},{\"@type\":\"ImageObject\",\"inLanguage\":\"fr-FR\",\"@id\":\"https:\/\/mindef.gov.cm\/gendarmerie-nationale\/2026\/09\/01\/yaounde-la-premiere-region-de-gendarmerie-intensifie-sa-lutte-contre-la-criminalite\/#primaryimage\",\"url\":\"https:\/\/mindef.gov.cm\/gendarmerie-nationale\/wp-content\/uploads\/sites\/2\/2026\/09\/Saisi-1.jpg\",\"contentUrl\":\"https:\/\/mindef.gov.cm\/gendarmerie-nationale\/wp-content\/uploads\/sites\/2\/2026\/09\/Saisi-1.jpg\",\"width\":898,\"height\":1600},{\"@type\":\"BreadcrumbList\",\"@id\":\"https:\/\/mindef.gov.cm\/gendarmerie-nationale\/2026\/09\/01\/yaounde-la-premiere-region-de-gendarmerie-intensifie-sa-lutte-contre-la-criminalite\/#breadcrumb\",\"itemListElement\":[{\"@type\":\"ListItem\",\"position\":1,\"name\":\"Home\",\"item\":\"https:\/\/mindef.gov.cm\/gendarmerie-nationale\/\"},{\"@type\":\"ListItem\",\"position\":2,\"name\":\"YAOUND\u00c9 : LA PREMI\u00c8RE R\u00c9GION DE GENDARMERIE INTENSIFIE SA LUTTE CONTRE LA CRIMINALIT\u00c9\"}]},{\"@type\":\"WebSite\",\"@id\":\"https:\/\/mindef.gov.cm\/gendarmerie-nationale\/#website\",\"url\":\"https:\/\/mindef.gov.cm\/gendarmerie-nationale\/\",\"name\":\"Gendarmerie Nationale\",\"description\":\"Site Web GENDAMERIE\",\"publisher\":{\"@id\":\"https:\/\/mindef.gov.cm\/gendarmerie-nationale\/#organization\"},\"potentialAction\":[{\"@type\":\"SearchAction\",\"target\":{\"@type\":\"EntryPoint\",\"urlTemplate\":\"https:\/\/mindef.gov.cm\/gendarmerie-nationale\/?s={search_term_string}\"},\"query-input\":\"required name=search_term_string\"}],\"inLanguage\":\"fr-FR\"},{\"@type\":\"Organization\",\"@id\":\"https:\/\/mindef.gov.cm\/gendarmerie-nationale\/#organization\",\"name\":\"Gendarmerie Nationale\",\"url\":\"https:\/\/mindef.gov.cm\/gendarmerie-nationale\/\",\"logo\":{\"@type\":\"ImageObject\",\"inLanguage\":\"fr-FR\",\"@id\":\"https:\/\/mindef.gov.cm\/gendarmerie-nationale\/#\/schema\/logo\/image\/\",\"url\":\"https:\/\/mindef.gov.cm\/gendarmerie-nationale\/wp-content\/uploads\/sites\/2\/2023\/07\/LOGO-MINDEF-PNG-FRANCAIS.png\",\"contentUrl\":\"https:\/\/mindef.gov.cm\/gendarmerie-nationale\/wp-content\/uploads\/sites\/2\/2023\/07\/LOGO-MINDEF-PNG-FRANCAIS.png\",\"width\":2126,\"height\":478,\"caption\":\"Gendarmerie Nationale\"},\"image\":{\"@id\":\"https:\/\/mindef.gov.cm\/gendarmerie-nationale\/#\/schema\/logo\/image\/\"}},{\"@type\":\"Person\",\"@id\":\"https:\/\/mindef.gov.cm\/gendarmerie-nationale\/#\/schema\/person\/c4651ba7a4086fb25bf9d26c0518a02a\",\"name\":\"alextakoutsingstephane02\",\"image\":{\"@type\":\"ImageObject\",\"inLanguage\":\"fr-FR\",\"@id\":\"https:\/\/mindef.gov.cm\/gendarmerie-nationale\/#\/schema\/person\/image\/\",\"url\":\"https:\/\/secure.gravatar.com\/avatar\/deb2059ceeac4997bfe3fcd2696ea10a?s=96&d=mm&r=g\",\"contentUrl\":\"https:\/\/secure.gravatar.com\/avatar\/deb2059ceeac4997bfe3fcd2696ea10a?s=96&d=mm&r=g\",\"caption\":\"alextakoutsingstephane02\"},\"url\":\"https:\/\/mindef.gov.cm\/gendarmerie-nationale\/author\/alextakoutsingstephane02\/\"}]}<\/script>\n<!-- \/ Yoast SEO plugin. -->","yoast_head_json":{"title":"YAOUND\u00c9 : LA PREMI\u00c8RE R\u00c9GION DE GENDARMERIE INTENSIFIE SA LUTTE CONTRE LA CRIMINALIT\u00c9 - Gendarmerie Nationale","robots":{"index":"index","follow":"follow","max-snippet":"max-snippet:-1","max-image-preview":"max-image-preview:large","max-video-preview":"max-video-preview:-1"},"canonical":"https:\/\/mindef.gov.cm\/gendarmerie-nationale\/2026\/09\/01\/yaounde-la-premiere-region-de-gendarmerie-intensifie-sa-lutte-contre-la-criminalite\/","og_locale":"fr_FR","og_type":"article","og_title":"YAOUND\u00c9 : LA PREMI\u00c8RE R\u00c9GION DE GENDARMERIE INTENSIFIE SA LUTTE CONTRE LA CRIMINALIT\u00c9 - Gendarmerie Nationale","og_description":"Saisi le 12 ao\u00fbt 2026 par la famille de la nomm\u00e9e YIDI EBABI Diane, \u00e2g\u00e9e de 19 ans, suite \u00e0 la d\u00e9couverte de son cadavre dans une tombe de fortune au lieu-dit Dakar en bas au quartier Efoulan, le Service de Recherches Judiciaires et de la Lutte contre le Grand Banditisme de la Premi\u00e8re R\u00e9gion de Gendarmerie a ouvert une enqu\u00eate.","og_url":"https:\/\/mindef.gov.cm\/gendarmerie-nationale\/2026\/09\/01\/yaounde-la-premiere-region-de-gendarmerie-intensifie-sa-lutte-contre-la-criminalite\/","og_site_name":"Gendarmerie Nationale","article_published_time":"2026-09-01T15:48:52+00:00","og_image":[{"width":898,"height":1600,"url":"https:\/\/mindef.gov.cm\/gendarmerie-nationale\/wp-content\/uploads\/sites\/2\/2026\/09\/Saisi-1.jpg","type":"image\/jpeg"}],"author":"alextakoutsingstephane02","twitter_card":"summary_large_image","twitter_misc":{"\u00c9crit par":"alextakoutsingstephane02","Dur\u00e9e de lecture estim\u00e9e":"3 minutes"},"schema":{"@context":"https:\/\/schema.org","@graph":[{"@type":"Article","@id":"https:\/\/mindef.gov.cm\/gendarmerie-nationale\/2026\/09\/01\/yaounde-la-premiere-region-de-gendarmerie-intensifie-sa-lutte-contre-la-criminalite\/#article","isPartOf":{"@id":"https:\/\/mindef.gov.cm\/gendarmerie-nationale\/2026\/09\/01\/yaounde-la-premiere-region-de-gendarmerie-intensifie-sa-lutte-contre-la-criminalite\/"},"author":{"name":"alextakoutsingstephane02","@id":"https:\/\/mindef.gov.cm\/gendarmerie-nationale\/#\/schema\/person\/c4651ba7a4086fb25bf9d26c0518a02a"},"headline":"YAOUND\u00c9 : LA PREMI\u00c8RE R\u00c9GION DE GENDARMERIE INTENSIFIE SA LUTTE CONTRE LA CRIMINALIT\u00c9","datePublished":"2026-09-01T15:48:52+00:00","dateModified":"2026-09-01T15:48:52+00:00","mainEntityOfPage":{"@id":"https:\/\/mindef.gov.cm\/gendarmerie-nationale\/2026\/09\/01\/yaounde-la-premiere-region-de-gendarmerie-intensifie-sa-lutte-contre-la-criminalite\/"},"wordCount":266,"commentCount":0,"publisher":{"@id":"https:\/\/mindef.gov.cm\/gendarmerie-nationale\/#organization"},"image":{"@id":"https:\/\/mindef.gov.cm\/gendarmerie-nationale\/2026\/09\/01\/yaounde-la-premiere-region-de-gendarmerie-intensifie-sa-lutte-contre-la-criminalite\/#primaryimage"},"thumbnailUrl":"https:\/\/mindef.gov.cm\/gendarmerie-nationale\/wp-content\/uploads\/sites\/2\/2026\/09\/Saisi-1.jpg","keywords":["Actualit\u00e9s","banniere","lutte contre le grand","scroll"],"articleSection":["scroll"],"inLanguage":"fr-FR","potentialAction":[{"@type":"CommentAction","name":"Comment","target":["https:\/\/mindef.gov.cm\/gendarmerie-nationale\/2026\/09\/01\/yaounde-la-premiere-region-de-gendarmerie-intensifie-sa-lutte-contre-la-criminalite\/#respond"]}]},{"@type":"WebPage","@id":"https:\/\/mindef.gov.cm\/gendarmerie-nationale\/2026\/09\/01\/yaounde-la-premiere-region-de-gendarmerie-intensifie-sa-lutte-contre-la-criminalite\/","url":"https:\/\/mindef.gov.cm\/gendarmerie-nationale\/2026\/09\/01\/yaounde-la-premiere-region-de-gendarmerie-intensifie-sa-lutte-contre-la-criminalite\/","name":"YAOUND\u00c9 : LA PREMI\u00c8RE R\u00c9GION DE GENDARMERIE INTENSIFIE SA LUTTE CONTRE LA CRIMINALIT\u00c9 - Gendarmerie Nationale","isPartOf":{"@id":"https:\/\/mindef.gov.cm\/gendarmerie-nationale\/#website"},"primaryImageOfPage":{"@id":"https:\/\/mindef.gov.cm\/gendarmerie-nationale\/2026\/09\/01\/yaounde-la-premiere-region-de-gendarmerie-intensifie-sa-lutte-contre-la-criminalite\/#primaryimage"},"image":{"@id":"https:\/\/mindef.gov.cm\/gendarmerie-nationale\/2026\/09\/01\/yaounde-la-premiere-region-de-gendarmerie-intensifie-sa-lutte-contre-la-criminalite\/#primaryimage"},"thumbnailUrl":"https:\/\/mindef.gov.cm\/gendarmerie-nationale\/wp-content\/uploads\/sites\/2\/2026\/09\/Saisi-1.jpg","datePublished":"2026-09-01T15:48:52+00:00","dateModified":"2026-09-01T15:48:52+00:00","breadcrumb":{"@id":"https:\/\/mindef.gov.cm\/gendarmerie-nationale\/2026\/09\/01\/yaounde-la-premiere-region-de-gendarmerie-intensifie-sa-lutte-contre-la-criminalite\/#breadcrumb"},"inLanguage":"fr-FR","potentialAction":[{"@type":"ReadAction","target":["https:\/\/mindef.gov.cm\/gendarmerie-nationale\/2026\/09\/01\/yaounde-la-premiere-region-de-gendarmerie-intensifie-sa-lutte-contre-la-criminalite\/"]}]},{"@type":"ImageObject","inLanguage":"fr-FR","@id":"https:\/\/mindef.gov.cm\/gendarmerie-nationale\/2026\/09\/01\/yaounde-la-premiere-region-de-gendarmerie-intensifie-sa-lutte-contre-la-criminalite\/#primaryimage","url":"https:\/\/mindef.gov.cm\/gendarmerie-nationale\/wp-content\/uploads\/sites\/2\/2026\/09\/Saisi-1.jpg","contentUrl":"https:\/\/mindef.gov.cm\/gendarmerie-nationale\/wp-content\/uploads\/sites\/2\/2026\/09\/Saisi-1.jpg","width":898,"height":1600},{"@type":"BreadcrumbList","@id":"https:\/\/mindef.gov.cm\/gendarmerie-nationale\/2026\/09\/01\/yaounde-la-premiere-region-de-gendarmerie-intensifie-sa-lutte-contre-la-criminalite\/#breadcrumb","itemListElement":[{"@type":"ListItem","position":1,"name":"Home","item":"https:\/\/mindef.gov.cm\/gendarmerie-nationale\/"},{"@type":"ListItem","position":2,"name":"YAOUND\u00c9 : LA PREMI\u00c8RE R\u00c9GION DE GENDARMERIE INTENSIFIE SA LUTTE CONTRE LA CRIMINALIT\u00c9"}]},{"@type":"WebSite","@id":"https:\/\/mindef.gov.cm\/gendarmerie-nationale\/#website","url":"https:\/\/mindef.gov.cm\/gendarmerie-nationale\/","name":"Gendarmerie Nationale","description":"Site Web GENDAMERIE","publisher":{"@id":"https:\/\/mindef.gov.cm\/gendarmerie-nationale\/#organization"},"potentialAction":[{"@type":"SearchAction","target":{"@type":"EntryPoint","urlTemplate":"https:\/\/mindef.gov.cm\/gendarmerie-nationale\/?s={search_term_string}"},"query-input":"required name=search_term_string"}],"inLanguage":"fr-FR"},{"@type":"Organization","@id":"https:\/\/mindef.gov.cm\/gendarmerie-nationale\/#organization","name":"Gendarmerie Nationale","url":"https:\/\/mindef.gov.cm\/gendarmerie-nationale\/","logo":{"@type":"ImageObject","inLanguage":"fr-FR","@id":"https:\/\/mindef.gov.cm\/gendarmerie-nationale\/#\/schema\/logo\/image\/","url":"https:\/\/mindef.gov.cm\/gendarmerie-nationale\/wp-content\/uploads\/sites\/2\/2023\/07\/LOGO-MINDEF-PNG-FRANCAIS.png","contentUrl":"https:\/\/mindef.gov.cm\/gendarmerie-nationale\/wp-content\/uploads\/sites\/2\/2023\/07\/LOGO-MINDEF-PNG-FRANCAIS.png","width":2126,"height":478,"caption":"Gendarmerie Nationale"},"image":{"@id":"https:\/\/mindef.gov.cm\/gendarmerie-nationale\/#\/schema\/logo\/image\/"}},{"@type":"Person","@id":"https:\/\/mindef.gov.cm\/gendarmerie-nationale\/#\/schema\/person\/c4651ba7a4086fb25bf9d26c0518a02a","name":"alextakoutsingstephane02","image":{"@type":"ImageObject","inLanguage":"fr-FR","@id":"https:\/\/mindef.gov.cm\/gendarmerie-nationale\/#\/schema\/person\/image\/","url":"https:\/\/secure.gravatar.com\/avatar\/deb2059ceeac4997bfe3fcd2696ea10a?s=96&d=mm&r=g","contentUrl":"https:\/\/secure.gravatar.com\/avatar\/deb2059ceeac4997bfe3fcd2696ea10a?s=96&d=mm&r=g","caption":"alextakoutsingstephane02"},"url":"https:\/\/mindef.gov.cm\/gendarmerie-nationale\/author\/alextakoutsingstephane02\/"}]}},"rttpg_featured_image_url":{"full":["https:\/\/mindef.gov.cm\/gendarmerie-nationale\/wp-content\/uploads\/sites\/2\/2026\/09\/Saisi-1.jpg",898,1600,false],"landscape":["https:\/\/mindef.gov.cm\/gendarmerie-nationale\/wp-content\/uploads\/sites\/2\/2026\/09\/Saisi-1.jpg",898,1600,false],"portraits":["https:\/\/mindef.gov.cm\/gendarmerie-nationale\/wp-content\/uploads\/sites\/2\/2026\/09\/Saisi-1.jpg",898,1600,false],"thumbnail":["https:\/\/mindef.gov.cm\/gendarmerie-nationale\/wp-content\/uploads\/sites\/2\/2026\/09\/Saisi-1-150x150.jpg",150,150,true],"medium":["https:\/\/mindef.gov.cm\/gendarmerie-nationale\/wp-content\/uploads\/sites\/2\/2026\/09\/Saisi-1-168x300.jpg",168,300,true],"large":["https:\/\/mindef.gov.cm\/gendarmerie-nationale\/wp-content\/uploads\/sites\/2\/2026\/09\/Saisi-1-575x1024.jpg",575,1024,true],"1536x1536":["https:\/\/mindef.gov.cm\/gendarmerie-nationale\/wp-content\/uploads\/sites\/2\/2026\/09\/Saisi-1-862x1536.jpg",862,1536,true],"2048x2048":["https:\/\/mindef.gov.cm\/gendarmerie-nationale\/wp-content\/uploads\/sites\/2\/2026\/09\/Saisi-1.jpg",898,1600,false],"htmega_size_585x295":["https:\/\/mindef.gov.cm\/gendarmerie-nationale\/wp-content\/uploads\/sites\/2\/2026\/09\/Saisi-1-585x295.jpg",585,295,true],"htmega_size_1170x536":["https:\/\/mindef.gov.cm\/gendarmerie-nationale\/wp-content\/uploads\/sites\/2\/2026\/09\/Saisi-1-898x536.jpg",898,536,true],"htmega_size_396x360":["https:\/\/mindef.gov.cm\/gendarmerie-nationale\/wp-content\/uploads\/sites\/2\/2026\/09\/Saisi-1-396x360.jpg",396,360,true],"rt_custom":["https:\/\/mindef.gov.cm\/gendarmerie-nationale\/wp-content\/uploads\/sites\/2\/2026\/09\/Saisi-1.jpg",898,1600,false]},"rttpg_author":{"display_name":"alextakoutsingstephane02","author_link":"https:\/\/mindef.gov.cm\/gendarmerie-nationale\/author\/alextakoutsingstephane02\/"},"rttpg_comment":0,"rttpg_category":"<a href=\"https:\/\/mindef.gov.cm\/gendarmerie-nationale\/category\/scroll\/\" rel=\"category tag\">scroll<\/a>","rttpg_excerpt":"Saisi le 12 ao\u00fbt 2026 par la famille de la nomm\u00e9e YIDI EBABI Diane, \u00e2g\u00e9e de 19 ans, suite \u00e0 la d\u00e9couverte de son cadavre dans une tombe de fortune au lieu-dit Dakar en bas au quartier Efoulan, le Service de Recherches Judiciaires et de la Lutte contre le Grand Banditisme de la Premi\u00e8re R\u00e9gion\u2026","_links":{"self":[{"href":"https:\/\/mindef.gov.cm\/gendarmerie-nationale\/wp-json\/wp\/v2\/posts\/9596","targetHints":{"allow":["GET"]}}],"collection":[{"href":"https:\/\/mindef.gov.cm\/gendarmerie-nationale\/wp-json\/wp\/v2\/posts"}],"about":[{"href":"https:\/\/mindef.gov.cm\/gendarmerie-nationale\/wp-json\/wp\/v2\/types\/post"}],"author":[{"embeddable":true,"href":"https:\/\/mindef.gov.cm\/gendarmerie-nationale\/wp-json\/wp\/v2\/users\/7"}],"replies":[{"embeddable":true,"href":"https:\/\/mindef.gov.cm\/gendarmerie-nationale\/wp-json\/wp\/v2\/comments?post=9596"}],"version-history":[{"count":1,"href":"https:\/\/mindef.gov.cm\/gendarmerie-nationale\/wp-json\/wp\/v2\/posts\/9596\/revisions"}],"predecessor-version":[{"id":9626,"href":"https:\/\/mindef.gov.cm\/gendarmerie-nationale\/wp-json\/wp\/v2\/posts\/9596\/revisions\/9626"}],"wp:featuredmedia":[{"embeddable":true,"href":"https:\/\/mindef.gov.cm\/gendarmerie-nationale\/wp-json\/wp\/v2\/media\/9598"}],"wp:attachment":[{"href":"https:\/\/mindef.gov.cm\/gendarmerie-nationale\/wp-json\/wp\/v2\/media?parent=9596"}],"wp:term":[{"taxonomy":"category","embeddable":true,"href":"https:\/\/mindef.gov.cm\/gendarmerie-nationale\/wp-json\/wp\/v2\/categories?post=9596"},{"taxonomy":"post_tag","embeddable":true,"href":"https:\/\/mindef.gov.cm\/gendarmerie-nationale\/wp-json\/wp\/v2\/tags?post=9596"}],"curies":[{"name":"wp","href":"https:\/\/api.w.org\/{rel}","templated":true}]}}