{"id":129,"date":"2023-07-27T16:41:11","date_gmt":"2023-07-27T14:41:11","guid":{"rendered":"http:\/\/ricaldorichard237@gmail.com"},"modified":"2023-07-28T17:24:57","modified_gmt":"2023-07-28T15:24:57","slug":"formation-des-jeunes-sapeurs-pompiers","status":"publish","type":"post","link":"https:\/\/mindef.gov.cm\/sapeurs-pompiers\/formation-des-jeunes-sapeurs-pompiers\/","title":{"rendered":"FORMATION DES JEUNES SAPEURS-POMPIERS"},"content":{"rendered":"<p>Cette formation, dont la population cible comprend les jeunes de 7 \u00e0 14 ans, a pour but de vulgariser les gestes de prompt secours et d\u00e9velopper la culture du risque. Etal\u00e9e sur 128 heures, elle s\u2019articule autour des enseignements sur le secourisme, l\u2019incendie, l\u2019ordre serr\u00e9, l\u2019\u00e9cole de sapeur et les attitudes et comportements.<\/p>\n<p>Pour la session des vacances 2022, <strong>2 277 Jeunes Sapeurs-Pompiers<\/strong> ont \u00e9t\u00e9 form\u00e9s. Ils ont, au cours de la c\u00e9r\u00e9monie de sortie, re\u00e7u des attestations de fin de formation.<\/p>\n<p>&nbsp;<\/p>\n<p><img fetchpriority=\"high\" decoding=\"async\" class=\"size-full wp-image-395 aligncenter\" src=\"https:\/\/mindef.gov.cm\/sapeurs-pompiers\/wp-content\/uploads\/sites\/8\/2023\/07\/jeune2.jpg\" alt=\"\" width=\"945\" height=\"708\" \/><img decoding=\"async\" class=\"alignnone size-full wp-image-396\" src=\"https:\/\/mindef.gov.cm\/sapeurs-pompiers\/wp-content\/uploads\/sites\/8\/2023\/07\/DSC00714-scaled.jpg\" alt=\"\" width=\"2299\" height=\"2560\" \/><\/p>\n","protected":false},"excerpt":{"rendered":"<p>A la faveur des grandes vacances de 2022, il a \u00e9t\u00e9 organis\u00e9 dans toutes les Unit\u00e9s du Corps National de Sapeurs-Pompiers, deux sessions de formation des Jeunes Sapeurs-Pompiers du 20 juin au 24 ao\u00fbt 2022. <\/p>\n","protected":false},"author":1,"featured_media":397,"comment_status":"closed","ping_status":"closed","sticky":false,"template":"","format":"standard","meta":{"footnotes":""},"categories":[1,12],"tags":[14],"class_list":["post-129","post","type-post","status-publish","format-standard","has-post-thumbnail","hentry","category-non-classifiee","category-scroll","tag-actualites-sapeurs"],"yoast_head":"<!-- This site is optimized with the Yoast SEO plugin v23.3 - https:\/\/yoast.com\/wordpress\/plugins\/seo\/ -->\n<title>FORMATION DES JEUNES SAPEURS-POMPIERS - Sapeurs Pompiers<\/title>\n<meta name=\"description\" content=\"A la faveur des grandes vacances de 2022, il a \u00e9t\u00e9 organis\u00e9 dans toutes les Unit\u00e9s du Corps National de Sapeurs-Pompiers, deux sessions de formation des Jeunes Sapeurs-Pompiers du 20 juin au 24 ao\u00fbt 2022.\" \/>\n<meta name=\"robots\" content=\"index, follow, max-snippet:-1, max-image-preview:large, max-video-preview:-1\" \/>\n<link rel=\"canonical\" href=\"https:\/\/mindef.gov.cm\/sapeurs-pompiers\/formation-des-jeunes-sapeurs-pompiers\/\" \/>\n<meta property=\"og:locale\" content=\"fr_FR\" \/>\n<meta property=\"og:type\" content=\"article\" \/>\n<meta property=\"og:title\" content=\"FORMATION DES JEUNES SAPEURS-POMPIERS - Sapeurs Pompiers\" \/>\n<meta property=\"og:description\" content=\"A la faveur des grandes vacances de 2022, il a \u00e9t\u00e9 organis\u00e9 dans toutes les Unit\u00e9s du Corps National de Sapeurs-Pompiers, deux sessions de formation des Jeunes Sapeurs-Pompiers du 20 juin au 24 ao\u00fbt 2022.\" \/>\n<meta property=\"og:url\" content=\"https:\/\/mindef.gov.cm\/sapeurs-pompiers\/formation-des-jeunes-sapeurs-pompiers\/\" \/>\n<meta property=\"og:site_name\" content=\"Sapeurs Pompiers\" \/>\n<meta property=\"article:published_time\" content=\"2023-07-27T14:41:11+00:00\" \/>\n<meta property=\"article:modified_time\" content=\"2023-07-28T15:24:57+00:00\" \/>\n<meta property=\"og:image\" content=\"https:\/\/mindef.gov.cm\/sapeurs-pompiers\/wp-content\/uploads\/sites\/8\/2023\/07\/DSC06255-scaled.jpg\" \/>\n\t<meta property=\"og:image:width\" content=\"2560\" \/>\n\t<meta property=\"og:image:height\" content=\"1439\" \/>\n\t<meta property=\"og:image:type\" content=\"image\/jpeg\" \/>\n<meta name=\"author\" content=\"ricaldorichard237@gmail.com\" \/>\n<meta name=\"twitter:card\" content=\"summary_large_image\" \/>\n<meta name=\"twitter:label1\" content=\"\u00c9crit par\" \/>\n\t<meta name=\"twitter:data1\" content=\"ricaldorichard237@gmail.com\" \/>\n\t<meta name=\"twitter:label2\" content=\"Dur\u00e9e de lecture estim\u00e9e\" \/>\n\t<meta name=\"twitter:data2\" content=\"1 minute\" \/>\n<script type=\"application\/ld+json\" class=\"yoast-schema-graph\">{\"@context\":\"https:\/\/schema.org\",\"@graph\":[{\"@type\":\"Article\",\"@id\":\"https:\/\/mindef.gov.cm\/sapeurs-pompiers\/formation-des-jeunes-sapeurs-pompiers\/#article\",\"isPartOf\":{\"@id\":\"https:\/\/mindef.gov.cm\/sapeurs-pompiers\/formation-des-jeunes-sapeurs-pompiers\/\"},\"author\":{\"name\":\"ricaldorichard237@gmail.com\",\"@id\":\"https:\/\/mindef.gov.cm\/sapeurs-pompiers\/#\/schema\/person\/c7c5e12cdabfea449884eaa288241182\"},\"headline\":\"FORMATION DES JEUNES SAPEURS-POMPIERS\",\"datePublished\":\"2023-07-27T14:41:11+00:00\",\"dateModified\":\"2023-07-28T15:24:57+00:00\",\"mainEntityOfPage\":{\"@id\":\"https:\/\/mindef.gov.cm\/sapeurs-pompiers\/formation-des-jeunes-sapeurs-pompiers\/\"},\"wordCount\":90,\"publisher\":{\"@id\":\"https:\/\/mindef.gov.cm\/sapeurs-pompiers\/#organization\"},\"image\":{\"@id\":\"https:\/\/mindef.gov.cm\/sapeurs-pompiers\/formation-des-jeunes-sapeurs-pompiers\/#primaryimage\"},\"thumbnailUrl\":\"https:\/\/mindef.gov.cm\/sapeurs-pompiers\/wp-content\/uploads\/sites\/8\/2023\/07\/DSC06255-scaled.jpg\",\"keywords\":[\"Actualit\u00e9s sapeurs\"],\"articleSection\":[\"Non classifi\u00e9(e)\",\"scroll\"],\"inLanguage\":\"fr-FR\"},{\"@type\":\"WebPage\",\"@id\":\"https:\/\/mindef.gov.cm\/sapeurs-pompiers\/formation-des-jeunes-sapeurs-pompiers\/\",\"url\":\"https:\/\/mindef.gov.cm\/sapeurs-pompiers\/formation-des-jeunes-sapeurs-pompiers\/\",\"name\":\"FORMATION DES JEUNES SAPEURS-POMPIERS - Sapeurs Pompiers\",\"isPartOf\":{\"@id\":\"https:\/\/mindef.gov.cm\/sapeurs-pompiers\/#website\"},\"primaryImageOfPage\":{\"@id\":\"https:\/\/mindef.gov.cm\/sapeurs-pompiers\/formation-des-jeunes-sapeurs-pompiers\/#primaryimage\"},\"image\":{\"@id\":\"https:\/\/mindef.gov.cm\/sapeurs-pompiers\/formation-des-jeunes-sapeurs-pompiers\/#primaryimage\"},\"thumbnailUrl\":\"https:\/\/mindef.gov.cm\/sapeurs-pompiers\/wp-content\/uploads\/sites\/8\/2023\/07\/DSC06255-scaled.jpg\",\"datePublished\":\"2023-07-27T14:41:11+00:00\",\"dateModified\":\"2023-07-28T15:24:57+00:00\",\"description\":\"A la faveur des grandes vacances de 2022, il a \u00e9t\u00e9 organis\u00e9 dans toutes les Unit\u00e9s du Corps National de Sapeurs-Pompiers, deux sessions de formation des Jeunes Sapeurs-Pompiers du 20 juin au 24 ao\u00fbt 2022.\",\"breadcrumb\":{\"@id\":\"https:\/\/mindef.gov.cm\/sapeurs-pompiers\/formation-des-jeunes-sapeurs-pompiers\/#breadcrumb\"},\"inLanguage\":\"fr-FR\",\"potentialAction\":[{\"@type\":\"ReadAction\",\"target\":[\"https:\/\/mindef.gov.cm\/sapeurs-pompiers\/formation-des-jeunes-sapeurs-pompiers\/\"]}]},{\"@type\":\"ImageObject\",\"inLanguage\":\"fr-FR\",\"@id\":\"https:\/\/mindef.gov.cm\/sapeurs-pompiers\/formation-des-jeunes-sapeurs-pompiers\/#primaryimage\",\"url\":\"https:\/\/mindef.gov.cm\/sapeurs-pompiers\/wp-content\/uploads\/sites\/8\/2023\/07\/DSC06255-scaled.jpg\",\"contentUrl\":\"https:\/\/mindef.gov.cm\/sapeurs-pompiers\/wp-content\/uploads\/sites\/8\/2023\/07\/DSC06255-scaled.jpg\",\"width\":2560,\"height\":1439},{\"@type\":\"BreadcrumbList\",\"@id\":\"https:\/\/mindef.gov.cm\/sapeurs-pompiers\/formation-des-jeunes-sapeurs-pompiers\/#breadcrumb\",\"itemListElement\":[{\"@type\":\"ListItem\",\"position\":1,\"name\":\"Home\",\"item\":\"https:\/\/mindef.gov.cm\/sapeurs-pompiers\/\"},{\"@type\":\"ListItem\",\"position\":2,\"name\":\"FORMATION DES JEUNES SAPEURS-POMPIERS\"}]},{\"@type\":\"WebSite\",\"@id\":\"https:\/\/mindef.gov.cm\/sapeurs-pompiers\/#website\",\"url\":\"https:\/\/mindef.gov.cm\/sapeurs-pompiers\/\",\"name\":\"Sapeurs Pompiers\",\"description\":\"\",\"publisher\":{\"@id\":\"https:\/\/mindef.gov.cm\/sapeurs-pompiers\/#organization\"},\"potentialAction\":[{\"@type\":\"SearchAction\",\"target\":{\"@type\":\"EntryPoint\",\"urlTemplate\":\"https:\/\/mindef.gov.cm\/sapeurs-pompiers\/?s={search_term_string}\"},\"query-input\":\"required name=search_term_string\"}],\"inLanguage\":\"fr-FR\"},{\"@type\":\"Organization\",\"@id\":\"https:\/\/mindef.gov.cm\/sapeurs-pompiers\/#organization\",\"name\":\"Sapeurs Pompiers\",\"url\":\"https:\/\/mindef.gov.cm\/sapeurs-pompiers\/\",\"logo\":{\"@type\":\"ImageObject\",\"inLanguage\":\"fr-FR\",\"@id\":\"https:\/\/mindef.gov.cm\/sapeurs-pompiers\/#\/schema\/logo\/image\/\",\"url\":\"https:\/\/mindef.gov.cm\/sapeurs-pompiers\/wp-content\/uploads\/sites\/8\/2023\/07\/Logo-Mindef-fr.jpg\",\"contentUrl\":\"https:\/\/mindef.gov.cm\/sapeurs-pompiers\/wp-content\/uploads\/sites\/8\/2023\/07\/Logo-Mindef-fr.jpg\",\"width\":1324,\"height\":298,\"caption\":\"Sapeurs Pompiers\"},\"image\":{\"@id\":\"https:\/\/mindef.gov.cm\/sapeurs-pompiers\/#\/schema\/logo\/image\/\"}},{\"@type\":\"Person\",\"@id\":\"https:\/\/mindef.gov.cm\/sapeurs-pompiers\/#\/schema\/person\/c7c5e12cdabfea449884eaa288241182\",\"name\":\"ricaldorichard237@gmail.com\",\"image\":{\"@type\":\"ImageObject\",\"inLanguage\":\"fr-FR\",\"@id\":\"https:\/\/mindef.gov.cm\/sapeurs-pompiers\/#\/schema\/person\/image\/\",\"url\":\"https:\/\/secure.gravatar.com\/avatar\/cfa05125461486526b4e04bb167e98d2?s=96&d=mm&r=g\",\"contentUrl\":\"https:\/\/secure.gravatar.com\/avatar\/cfa05125461486526b4e04bb167e98d2?s=96&d=mm&r=g\",\"caption\":\"ricaldorichard237@gmail.com\"},\"sameAs\":[\"https:\/\/mindef.gov.cm\"],\"url\":\"https:\/\/mindef.gov.cm\/sapeurs-pompiers\/author\/ricaldorichard237gmail-com\/\"}]}<\/script>\n<!-- \/ Yoast SEO plugin. -->","yoast_head_json":{"title":"FORMATION DES JEUNES SAPEURS-POMPIERS - Sapeurs Pompiers","description":"A la faveur des grandes vacances de 2022, il a \u00e9t\u00e9 organis\u00e9 dans toutes les Unit\u00e9s du Corps National de Sapeurs-Pompiers, deux sessions de formation des Jeunes Sapeurs-Pompiers du 20 juin au 24 ao\u00fbt 2022.","robots":{"index":"index","follow":"follow","max-snippet":"max-snippet:-1","max-image-preview":"max-image-preview:large","max-video-preview":"max-video-preview:-1"},"canonical":"https:\/\/mindef.gov.cm\/sapeurs-pompiers\/formation-des-jeunes-sapeurs-pompiers\/","og_locale":"fr_FR","og_type":"article","og_title":"FORMATION DES JEUNES SAPEURS-POMPIERS - Sapeurs Pompiers","og_description":"A la faveur des grandes vacances de 2022, il a \u00e9t\u00e9 organis\u00e9 dans toutes les Unit\u00e9s du Corps National de Sapeurs-Pompiers, deux sessions de formation des Jeunes Sapeurs-Pompiers du 20 juin au 24 ao\u00fbt 2022.","og_url":"https:\/\/mindef.gov.cm\/sapeurs-pompiers\/formation-des-jeunes-sapeurs-pompiers\/","og_site_name":"Sapeurs Pompiers","article_published_time":"2023-07-27T14:41:11+00:00","article_modified_time":"2023-07-28T15:24:57+00:00","og_image":[{"width":2560,"height":1439,"url":"https:\/\/mindef.gov.cm\/sapeurs-pompiers\/wp-content\/uploads\/sites\/8\/2023\/07\/DSC06255-scaled.jpg","type":"image\/jpeg"}],"author":"ricaldorichard237@gmail.com","twitter_card":"summary_large_image","twitter_misc":{"\u00c9crit par":"ricaldorichard237@gmail.com","Dur\u00e9e de lecture estim\u00e9e":"1 minute"},"schema":{"@context":"https:\/\/schema.org","@graph":[{"@type":"Article","@id":"https:\/\/mindef.gov.cm\/sapeurs-pompiers\/formation-des-jeunes-sapeurs-pompiers\/#article","isPartOf":{"@id":"https:\/\/mindef.gov.cm\/sapeurs-pompiers\/formation-des-jeunes-sapeurs-pompiers\/"},"author":{"name":"ricaldorichard237@gmail.com","@id":"https:\/\/mindef.gov.cm\/sapeurs-pompiers\/#\/schema\/person\/c7c5e12cdabfea449884eaa288241182"},"headline":"FORMATION DES JEUNES SAPEURS-POMPIERS","datePublished":"2023-07-27T14:41:11+00:00","dateModified":"2023-07-28T15:24:57+00:00","mainEntityOfPage":{"@id":"https:\/\/mindef.gov.cm\/sapeurs-pompiers\/formation-des-jeunes-sapeurs-pompiers\/"},"wordCount":90,"publisher":{"@id":"https:\/\/mindef.gov.cm\/sapeurs-pompiers\/#organization"},"image":{"@id":"https:\/\/mindef.gov.cm\/sapeurs-pompiers\/formation-des-jeunes-sapeurs-pompiers\/#primaryimage"},"thumbnailUrl":"https:\/\/mindef.gov.cm\/sapeurs-pompiers\/wp-content\/uploads\/sites\/8\/2023\/07\/DSC06255-scaled.jpg","keywords":["Actualit\u00e9s sapeurs"],"articleSection":["Non classifi\u00e9(e)","scroll"],"inLanguage":"fr-FR"},{"@type":"WebPage","@id":"https:\/\/mindef.gov.cm\/sapeurs-pompiers\/formation-des-jeunes-sapeurs-pompiers\/","url":"https:\/\/mindef.gov.cm\/sapeurs-pompiers\/formation-des-jeunes-sapeurs-pompiers\/","name":"FORMATION DES JEUNES SAPEURS-POMPIERS - Sapeurs Pompiers","isPartOf":{"@id":"https:\/\/mindef.gov.cm\/sapeurs-pompiers\/#website"},"primaryImageOfPage":{"@id":"https:\/\/mindef.gov.cm\/sapeurs-pompiers\/formation-des-jeunes-sapeurs-pompiers\/#primaryimage"},"image":{"@id":"https:\/\/mindef.gov.cm\/sapeurs-pompiers\/formation-des-jeunes-sapeurs-pompiers\/#primaryimage"},"thumbnailUrl":"https:\/\/mindef.gov.cm\/sapeurs-pompiers\/wp-content\/uploads\/sites\/8\/2023\/07\/DSC06255-scaled.jpg","datePublished":"2023-07-27T14:41:11+00:00","dateModified":"2023-07-28T15:24:57+00:00","description":"A la faveur des grandes vacances de 2022, il a \u00e9t\u00e9 organis\u00e9 dans toutes les Unit\u00e9s du Corps National de Sapeurs-Pompiers, deux sessions de formation des Jeunes Sapeurs-Pompiers du 20 juin au 24 ao\u00fbt 2022.","breadcrumb":{"@id":"https:\/\/mindef.gov.cm\/sapeurs-pompiers\/formation-des-jeunes-sapeurs-pompiers\/#breadcrumb"},"inLanguage":"fr-FR","potentialAction":[{"@type":"ReadAction","target":["https:\/\/mindef.gov.cm\/sapeurs-pompiers\/formation-des-jeunes-sapeurs-pompiers\/"]}]},{"@type":"ImageObject","inLanguage":"fr-FR","@id":"https:\/\/mindef.gov.cm\/sapeurs-pompiers\/formation-des-jeunes-sapeurs-pompiers\/#primaryimage","url":"https:\/\/mindef.gov.cm\/sapeurs-pompiers\/wp-content\/uploads\/sites\/8\/2023\/07\/DSC06255-scaled.jpg","contentUrl":"https:\/\/mindef.gov.cm\/sapeurs-pompiers\/wp-content\/uploads\/sites\/8\/2023\/07\/DSC06255-scaled.jpg","width":2560,"height":1439},{"@type":"BreadcrumbList","@id":"https:\/\/mindef.gov.cm\/sapeurs-pompiers\/formation-des-jeunes-sapeurs-pompiers\/#breadcrumb","itemListElement":[{"@type":"ListItem","position":1,"name":"Home","item":"https:\/\/mindef.gov.cm\/sapeurs-pompiers\/"},{"@type":"ListItem","position":2,"name":"FORMATION DES JEUNES SAPEURS-POMPIERS"}]},{"@type":"WebSite","@id":"https:\/\/mindef.gov.cm\/sapeurs-pompiers\/#website","url":"https:\/\/mindef.gov.cm\/sapeurs-pompiers\/","name":"Sapeurs Pompiers","description":"","publisher":{"@id":"https:\/\/mindef.gov.cm\/sapeurs-pompiers\/#organization"},"potentialAction":[{"@type":"SearchAction","target":{"@type":"EntryPoint","urlTemplate":"https:\/\/mindef.gov.cm\/sapeurs-pompiers\/?s={search_term_string}"},"query-input":"required name=search_term_string"}],"inLanguage":"fr-FR"},{"@type":"Organization","@id":"https:\/\/mindef.gov.cm\/sapeurs-pompiers\/#organization","name":"Sapeurs Pompiers","url":"https:\/\/mindef.gov.cm\/sapeurs-pompiers\/","logo":{"@type":"ImageObject","inLanguage":"fr-FR","@id":"https:\/\/mindef.gov.cm\/sapeurs-pompiers\/#\/schema\/logo\/image\/","url":"https:\/\/mindef.gov.cm\/sapeurs-pompiers\/wp-content\/uploads\/sites\/8\/2023\/07\/Logo-Mindef-fr.jpg","contentUrl":"https:\/\/mindef.gov.cm\/sapeurs-pompiers\/wp-content\/uploads\/sites\/8\/2023\/07\/Logo-Mindef-fr.jpg","width":1324,"height":298,"caption":"Sapeurs Pompiers"},"image":{"@id":"https:\/\/mindef.gov.cm\/sapeurs-pompiers\/#\/schema\/logo\/image\/"}},{"@type":"Person","@id":"https:\/\/mindef.gov.cm\/sapeurs-pompiers\/#\/schema\/person\/c7c5e12cdabfea449884eaa288241182","name":"ricaldorichard237@gmail.com","image":{"@type":"ImageObject","inLanguage":"fr-FR","@id":"https:\/\/mindef.gov.cm\/sapeurs-pompiers\/#\/schema\/person\/image\/","url":"https:\/\/secure.gravatar.com\/avatar\/cfa05125461486526b4e04bb167e98d2?s=96&d=mm&r=g","contentUrl":"https:\/\/secure.gravatar.com\/avatar\/cfa05125461486526b4e04bb167e98d2?s=96&d=mm&r=g","caption":"ricaldorichard237@gmail.com"},"sameAs":["https:\/\/mindef.gov.cm"],"url":"https:\/\/mindef.gov.cm\/sapeurs-pompiers\/author\/ricaldorichard237gmail-com\/"}]}},"rttpg_featured_image_url":{"full":["https:\/\/mindef.gov.cm\/sapeurs-pompiers\/wp-content\/uploads\/sites\/8\/2023\/07\/DSC06255-scaled.jpg",2560,1439,false],"landscape":["https:\/\/mindef.gov.cm\/sapeurs-pompiers\/wp-content\/uploads\/sites\/8\/2023\/07\/DSC06255-scaled.jpg",2560,1439,false],"portraits":["https:\/\/mindef.gov.cm\/sapeurs-pompiers\/wp-content\/uploads\/sites\/8\/2023\/07\/DSC06255-scaled.jpg",2560,1439,false],"thumbnail":["https:\/\/mindef.gov.cm\/sapeurs-pompiers\/wp-content\/uploads\/sites\/8\/2023\/07\/DSC06255-150x150.jpg",150,150,true],"medium":["https:\/\/mindef.gov.cm\/sapeurs-pompiers\/wp-content\/uploads\/sites\/8\/2023\/07\/DSC06255-300x169.jpg",300,169,true],"large":["https:\/\/mindef.gov.cm\/sapeurs-pompiers\/wp-content\/uploads\/sites\/8\/2023\/07\/DSC06255-1024x576.jpg",800,450,true],"1536x1536":["https:\/\/mindef.gov.cm\/sapeurs-pompiers\/wp-content\/uploads\/sites\/8\/2023\/07\/DSC06255-1536x863.jpg",1536,863,true],"2048x2048":["https:\/\/mindef.gov.cm\/sapeurs-pompiers\/wp-content\/uploads\/sites\/8\/2023\/07\/DSC06255-2048x1151.jpg",2048,1151,true],"htmega_size_585x295":["https:\/\/mindef.gov.cm\/sapeurs-pompiers\/wp-content\/uploads\/sites\/8\/2023\/07\/DSC06255-585x295.jpg",585,295,true],"htmega_size_1170x536":["https:\/\/mindef.gov.cm\/sapeurs-pompiers\/wp-content\/uploads\/sites\/8\/2023\/07\/DSC06255-1170x536.jpg",1170,536,true],"htmega_size_396x360":["https:\/\/mindef.gov.cm\/sapeurs-pompiers\/wp-content\/uploads\/sites\/8\/2023\/07\/DSC06255-396x360.jpg",396,360,true],"rt_custom":["https:\/\/mindef.gov.cm\/sapeurs-pompiers\/wp-content\/uploads\/sites\/8\/2023\/07\/DSC06255-scaled.jpg",2560,1439,false]},"rttpg_author":{"display_name":"ricaldorichard237@gmail.com","author_link":"https:\/\/mindef.gov.cm\/sapeurs-pompiers\/author\/ricaldorichard237gmail-com\/"},"rttpg_comment":0,"rttpg_category":"<a href=\"https:\/\/mindef.gov.cm\/sapeurs-pompiers\/en\/category\/non-classifiee\/\" rel=\"category tag\">Non classifi\u00e9(e)<\/a> <a href=\"https:\/\/mindef.gov.cm\/sapeurs-pompiers\/category\/scroll\/\" rel=\"category tag\">scroll<\/a>","rttpg_excerpt":"A la faveur des grandes vacances de 2022, il a \u00e9t\u00e9 organis\u00e9 dans toutes les Unit\u00e9s du Corps National de Sapeurs-Pompiers, deux sessions de formation des Jeunes Sapeurs-Pompiers du 20 juin au 24 ao\u00fbt 2022.","_links":{"self":[{"href":"https:\/\/mindef.gov.cm\/sapeurs-pompiers\/wp-json\/wp\/v2\/posts\/129","targetHints":{"allow":["GET"]}}],"collection":[{"href":"https:\/\/mindef.gov.cm\/sapeurs-pompiers\/wp-json\/wp\/v2\/posts"}],"about":[{"href":"https:\/\/mindef.gov.cm\/sapeurs-pompiers\/wp-json\/wp\/v2\/types\/post"}],"author":[{"embeddable":true,"href":"https:\/\/mindef.gov.cm\/sapeurs-pompiers\/wp-json\/wp\/v2\/users\/1"}],"replies":[{"embeddable":true,"href":"https:\/\/mindef.gov.cm\/sapeurs-pompiers\/wp-json\/wp\/v2\/comments?post=129"}],"version-history":[{"count":0,"href":"https:\/\/mindef.gov.cm\/sapeurs-pompiers\/wp-json\/wp\/v2\/posts\/129\/revisions"}],"wp:featuredmedia":[{"embeddable":true,"href":"https:\/\/mindef.gov.cm\/sapeurs-pompiers\/wp-json\/wp\/v2\/media\/397"}],"wp:attachment":[{"href":"https:\/\/mindef.gov.cm\/sapeurs-pompiers\/wp-json\/wp\/v2\/media?parent=129"}],"wp:term":[{"taxonomy":"category","embeddable":true,"href":"https:\/\/mindef.gov.cm\/sapeurs-pompiers\/wp-json\/wp\/v2\/categories?post=129"},{"taxonomy":"post_tag","embeddable":true,"href":"https:\/\/mindef.gov.cm\/sapeurs-pompiers\/wp-json\/wp\/v2\/tags?post=129"}],"curies":[{"name":"wp","href":"https:\/\/api.w.org\/{rel}","templated":true}]}}