{"id":3729,"date":"2024-04-17T18:16:43","date_gmt":"2024-04-17T16:16:43","guid":{"rendered":"https:\/\/mindef.gov.cm\/sapeurs-pompiers\/?p=3729"},"modified":"2024-04-17T18:22:36","modified_gmt":"2024-04-17T16:22:36","slug":"feu-de-boutique-quartier-sokoto-a-kousseri","status":"publish","type":"post","link":"https:\/\/mindef.gov.cm\/sapeurs-pompiers\/feu-de-boutique-quartier-sokoto-a-kousseri\/","title":{"rendered":"Feu  de boutique, quartier SOKOTO \u00e0 Kouss\u00e9ri."},"content":{"rendered":"<p>A l&#8217;arriv\u00e9e des secours, il s&#8217;agissait de plusieurs boutiques en feu dans des mini-conteneurs avec risque de propagation \u00e0 un garage et sur une ligne haute tension.<\/p>\n<p><img fetchpriority=\"high\" decoding=\"async\" class=\"alignnone size-medium wp-image-3734\" src=\"https:\/\/mindef.gov.cm\/sapeurs-pompiers\/wp-content\/uploads\/sites\/8\/2024\/04\/in-Kousseri-2-300x225.jpg\" alt=\"\" width=\"300\" height=\"225\" \/> <img decoding=\"async\" class=\"alignnone size-medium wp-image-3736\" src=\"https:\/\/mindef.gov.cm\/sapeurs-pompiers\/wp-content\/uploads\/sites\/8\/2024\/04\/in-Kousseri-3-300x225.jpg\" alt=\"\" width=\"300\" height=\"225\" \/> <img decoding=\"async\" class=\"alignnone size-medium wp-image-3738\" src=\"https:\/\/mindef.gov.cm\/sapeurs-pompiers\/wp-content\/uploads\/sites\/8\/2024\/04\/in-Kousseri-4-300x225.jpg\" alt=\"\" width=\"300\" height=\"225\" \/><\/p>\n<p>L&#8217;action des secours a consist\u00e9 \u00e0 enrayer les propagations dans un premier temps, ensuite \u00e0 abattre les flammes. Aucune perte en vie humaine enregistr\u00e9e, par contre, des d\u00e9g\u00e2ts mat\u00e9riels importants occasionn\u00e9s par ce sinistre qui a \u00e9t\u00e9 ma\u00eetris\u00e9 au moyen d&#8217;une lance.<\/p>\n<p><img loading=\"lazy\" decoding=\"async\" class=\"alignnone size-medium wp-image-3740\" src=\"https:\/\/mindef.gov.cm\/sapeurs-pompiers\/wp-content\/uploads\/sites\/8\/2024\/04\/in-Kousseri-5-300x225.jpg\" alt=\"\" width=\"300\" height=\"225\" \/> <img loading=\"lazy\" decoding=\"async\" class=\"alignnone size-medium wp-image-3742\" src=\"https:\/\/mindef.gov.cm\/sapeurs-pompiers\/wp-content\/uploads\/sites\/8\/2024\/04\/in-Kousseri-6-300x225.jpg\" alt=\"\" width=\"300\" height=\"225\" \/> <img loading=\"lazy\" decoding=\"async\" class=\"alignnone size-medium wp-image-3744\" src=\"https:\/\/mindef.gov.cm\/sapeurs-pompiers\/wp-content\/uploads\/sites\/8\/2024\/04\/in-Kousseri-7-300x225.jpg\" alt=\"\" width=\"300\" height=\"225\" \/><\/p>\n<p>Il est recommand\u00e9 de respecter les consignes de s\u00e9curit\u00e9 incendie r\u00e9guli\u00e8rement \u00e9dit\u00e9es par les soldats du feu<\/p>\n","protected":false},"excerpt":{"rendered":"<p>Lundi, 15 avril 2024 \u00e0 21h15, les secours de la 402e Compagnie d&#8217;Incendie de Kouss\u00e9ri ont \u00e9t\u00e9 alert\u00e9s pour un feu  de boutique au quartier Sokoto \u00e0 Kouss\u00e9ri.<\/p>\n","protected":false},"author":7,"featured_media":3730,"comment_status":"open","ping_status":"open","sticky":false,"template":"","format":"standard","meta":{"footnotes":""},"categories":[35,12],"tags":[14,15,38],"class_list":["post-3729","post","type-post","status-publish","format-standard","has-post-thumbnail","hentry","category-interventions-marquantes","category-scroll","tag-actualites-sapeurs","tag-banniere-sapeurs","tag-interventions-marquantes-40ieme"],"yoast_head":"<!-- This site is optimized with the Yoast SEO plugin v23.3 - https:\/\/yoast.com\/wordpress\/plugins\/seo\/ -->\n<title>Feu de boutique, quartier SOKOTO \u00e0 Kouss\u00e9ri. - Sapeurs Pompiers<\/title>\n<meta name=\"robots\" content=\"index, follow, max-snippet:-1, max-image-preview:large, max-video-preview:-1\" \/>\n<link rel=\"canonical\" href=\"https:\/\/mindef.gov.cm\/sapeurs-pompiers\/feu-de-boutique-quartier-sokoto-a-kousseri\/\" \/>\n<meta property=\"og:locale\" content=\"fr_FR\" \/>\n<meta property=\"og:type\" content=\"article\" \/>\n<meta property=\"og:title\" content=\"Feu de boutique, quartier SOKOTO \u00e0 Kouss\u00e9ri. - Sapeurs Pompiers\" \/>\n<meta property=\"og:description\" content=\"Lundi, 15 avril 2024 \u00e0 21h15, les secours de la 402e Compagnie d&#039;Incendie de Kouss\u00e9ri ont \u00e9t\u00e9 alert\u00e9s pour un feu de boutique au quartier Sokoto \u00e0 Kouss\u00e9ri.\" \/>\n<meta property=\"og:url\" content=\"https:\/\/mindef.gov.cm\/sapeurs-pompiers\/feu-de-boutique-quartier-sokoto-a-kousseri\/\" \/>\n<meta property=\"og:site_name\" content=\"Sapeurs Pompiers\" \/>\n<meta property=\"article:published_time\" content=\"2024-04-17T16:16:43+00:00\" \/>\n<meta property=\"article:modified_time\" content=\"2024-04-17T16:22:36+00:00\" \/>\n<meta property=\"og:image\" content=\"https:\/\/mindef.gov.cm\/sapeurs-pompiers\/wp-content\/uploads\/sites\/8\/2024\/04\/in-Kousseri-1.jpg\" \/>\n\t<meta property=\"og:image:width\" content=\"600\" \/>\n\t<meta property=\"og:image:height\" content=\"450\" \/>\n\t<meta property=\"og:image:type\" content=\"image\/jpeg\" \/>\n<meta name=\"author\" content=\"alextakoutsingstephane02\" \/>\n<meta name=\"twitter:card\" content=\"summary_large_image\" \/>\n<meta name=\"twitter:label1\" content=\"\u00c9crit par\" \/>\n\t<meta name=\"twitter:data1\" content=\"alextakoutsingstephane02\" \/>\n\t<meta name=\"twitter:label2\" content=\"Dur\u00e9e de lecture estim\u00e9e\" \/>\n\t<meta name=\"twitter:data2\" content=\"2 minutes\" \/>\n<script type=\"application\/ld+json\" class=\"yoast-schema-graph\">{\"@context\":\"https:\/\/schema.org\",\"@graph\":[{\"@type\":\"Article\",\"@id\":\"https:\/\/mindef.gov.cm\/sapeurs-pompiers\/feu-de-boutique-quartier-sokoto-a-kousseri\/#article\",\"isPartOf\":{\"@id\":\"https:\/\/mindef.gov.cm\/sapeurs-pompiers\/feu-de-boutique-quartier-sokoto-a-kousseri\/\"},\"author\":{\"name\":\"alextakoutsingstephane02\",\"@id\":\"https:\/\/mindef.gov.cm\/sapeurs-pompiers\/#\/schema\/person\/c4651ba7a4086fb25bf9d26c0518a02a\"},\"headline\":\"Feu de boutique, quartier SOKOTO \u00e0 Kouss\u00e9ri.\",\"datePublished\":\"2024-04-17T16:16:43+00:00\",\"dateModified\":\"2024-04-17T16:22:36+00:00\",\"mainEntityOfPage\":{\"@id\":\"https:\/\/mindef.gov.cm\/sapeurs-pompiers\/feu-de-boutique-quartier-sokoto-a-kousseri\/\"},\"wordCount\":105,\"commentCount\":0,\"publisher\":{\"@id\":\"https:\/\/mindef.gov.cm\/sapeurs-pompiers\/#organization\"},\"image\":{\"@id\":\"https:\/\/mindef.gov.cm\/sapeurs-pompiers\/feu-de-boutique-quartier-sokoto-a-kousseri\/#primaryimage\"},\"thumbnailUrl\":\"https:\/\/mindef.gov.cm\/sapeurs-pompiers\/wp-content\/uploads\/sites\/8\/2024\/04\/in-Kousseri-1.jpg\",\"keywords\":[\"Actualit\u00e9s sapeurs\",\"Banni\u00e8re sapeurs\",\"INTERVENTIONS MARQUANTES 40i\u00e8me\"],\"articleSection\":[\"INTERVENTIONS MARQUANTES\",\"scroll\"],\"inLanguage\":\"fr-FR\",\"potentialAction\":[{\"@type\":\"CommentAction\",\"name\":\"Comment\",\"target\":[\"https:\/\/mindef.gov.cm\/sapeurs-pompiers\/feu-de-boutique-quartier-sokoto-a-kousseri\/#respond\"]}]},{\"@type\":\"WebPage\",\"@id\":\"https:\/\/mindef.gov.cm\/sapeurs-pompiers\/feu-de-boutique-quartier-sokoto-a-kousseri\/\",\"url\":\"https:\/\/mindef.gov.cm\/sapeurs-pompiers\/feu-de-boutique-quartier-sokoto-a-kousseri\/\",\"name\":\"Feu de boutique, quartier SOKOTO \u00e0 Kouss\u00e9ri. - Sapeurs Pompiers\",\"isPartOf\":{\"@id\":\"https:\/\/mindef.gov.cm\/sapeurs-pompiers\/#website\"},\"primaryImageOfPage\":{\"@id\":\"https:\/\/mindef.gov.cm\/sapeurs-pompiers\/feu-de-boutique-quartier-sokoto-a-kousseri\/#primaryimage\"},\"image\":{\"@id\":\"https:\/\/mindef.gov.cm\/sapeurs-pompiers\/feu-de-boutique-quartier-sokoto-a-kousseri\/#primaryimage\"},\"thumbnailUrl\":\"https:\/\/mindef.gov.cm\/sapeurs-pompiers\/wp-content\/uploads\/sites\/8\/2024\/04\/in-Kousseri-1.jpg\",\"datePublished\":\"2024-04-17T16:16:43+00:00\",\"dateModified\":\"2024-04-17T16:22:36+00:00\",\"breadcrumb\":{\"@id\":\"https:\/\/mindef.gov.cm\/sapeurs-pompiers\/feu-de-boutique-quartier-sokoto-a-kousseri\/#breadcrumb\"},\"inLanguage\":\"fr-FR\",\"potentialAction\":[{\"@type\":\"ReadAction\",\"target\":[\"https:\/\/mindef.gov.cm\/sapeurs-pompiers\/feu-de-boutique-quartier-sokoto-a-kousseri\/\"]}]},{\"@type\":\"ImageObject\",\"inLanguage\":\"fr-FR\",\"@id\":\"https:\/\/mindef.gov.cm\/sapeurs-pompiers\/feu-de-boutique-quartier-sokoto-a-kousseri\/#primaryimage\",\"url\":\"https:\/\/mindef.gov.cm\/sapeurs-pompiers\/wp-content\/uploads\/sites\/8\/2024\/04\/in-Kousseri-1.jpg\",\"contentUrl\":\"https:\/\/mindef.gov.cm\/sapeurs-pompiers\/wp-content\/uploads\/sites\/8\/2024\/04\/in-Kousseri-1.jpg\",\"width\":600,\"height\":450},{\"@type\":\"BreadcrumbList\",\"@id\":\"https:\/\/mindef.gov.cm\/sapeurs-pompiers\/feu-de-boutique-quartier-sokoto-a-kousseri\/#breadcrumb\",\"itemListElement\":[{\"@type\":\"ListItem\",\"position\":1,\"name\":\"Home\",\"item\":\"https:\/\/mindef.gov.cm\/sapeurs-pompiers\/\"},{\"@type\":\"ListItem\",\"position\":2,\"name\":\"Feu de boutique, quartier SOKOTO \u00e0 Kouss\u00e9ri.\"}]},{\"@type\":\"WebSite\",\"@id\":\"https:\/\/mindef.gov.cm\/sapeurs-pompiers\/#website\",\"url\":\"https:\/\/mindef.gov.cm\/sapeurs-pompiers\/\",\"name\":\"Sapeurs Pompiers\",\"description\":\"\",\"publisher\":{\"@id\":\"https:\/\/mindef.gov.cm\/sapeurs-pompiers\/#organization\"},\"potentialAction\":[{\"@type\":\"SearchAction\",\"target\":{\"@type\":\"EntryPoint\",\"urlTemplate\":\"https:\/\/mindef.gov.cm\/sapeurs-pompiers\/?s={search_term_string}\"},\"query-input\":\"required name=search_term_string\"}],\"inLanguage\":\"fr-FR\"},{\"@type\":\"Organization\",\"@id\":\"https:\/\/mindef.gov.cm\/sapeurs-pompiers\/#organization\",\"name\":\"Sapeurs Pompiers\",\"url\":\"https:\/\/mindef.gov.cm\/sapeurs-pompiers\/\",\"logo\":{\"@type\":\"ImageObject\",\"inLanguage\":\"fr-FR\",\"@id\":\"https:\/\/mindef.gov.cm\/sapeurs-pompiers\/#\/schema\/logo\/image\/\",\"url\":\"https:\/\/mindef.gov.cm\/sapeurs-pompiers\/wp-content\/uploads\/sites\/8\/2023\/07\/Logo-Mindef-fr.jpg\",\"contentUrl\":\"https:\/\/mindef.gov.cm\/sapeurs-pompiers\/wp-content\/uploads\/sites\/8\/2023\/07\/Logo-Mindef-fr.jpg\",\"width\":1324,\"height\":298,\"caption\":\"Sapeurs Pompiers\"},\"image\":{\"@id\":\"https:\/\/mindef.gov.cm\/sapeurs-pompiers\/#\/schema\/logo\/image\/\"}},{\"@type\":\"Person\",\"@id\":\"https:\/\/mindef.gov.cm\/sapeurs-pompiers\/#\/schema\/person\/c4651ba7a4086fb25bf9d26c0518a02a\",\"name\":\"alextakoutsingstephane02\",\"image\":{\"@type\":\"ImageObject\",\"inLanguage\":\"fr-FR\",\"@id\":\"https:\/\/mindef.gov.cm\/sapeurs-pompiers\/#\/schema\/person\/image\/\",\"url\":\"https:\/\/secure.gravatar.com\/avatar\/deb2059ceeac4997bfe3fcd2696ea10a?s=96&d=mm&r=g\",\"contentUrl\":\"https:\/\/secure.gravatar.com\/avatar\/deb2059ceeac4997bfe3fcd2696ea10a?s=96&d=mm&r=g\",\"caption\":\"alextakoutsingstephane02\"},\"url\":\"https:\/\/mindef.gov.cm\/sapeurs-pompiers\/author\/alextakoutsingstephane02\/\"}]}<\/script>\n<!-- \/ Yoast SEO plugin. -->","yoast_head_json":{"title":"Feu de boutique, quartier SOKOTO \u00e0 Kouss\u00e9ri. - Sapeurs Pompiers","robots":{"index":"index","follow":"follow","max-snippet":"max-snippet:-1","max-image-preview":"max-image-preview:large","max-video-preview":"max-video-preview:-1"},"canonical":"https:\/\/mindef.gov.cm\/sapeurs-pompiers\/feu-de-boutique-quartier-sokoto-a-kousseri\/","og_locale":"fr_FR","og_type":"article","og_title":"Feu de boutique, quartier SOKOTO \u00e0 Kouss\u00e9ri. - Sapeurs Pompiers","og_description":"Lundi, 15 avril 2024 \u00e0 21h15, les secours de la 402e Compagnie d'Incendie de Kouss\u00e9ri ont \u00e9t\u00e9 alert\u00e9s pour un feu de boutique au quartier Sokoto \u00e0 Kouss\u00e9ri.","og_url":"https:\/\/mindef.gov.cm\/sapeurs-pompiers\/feu-de-boutique-quartier-sokoto-a-kousseri\/","og_site_name":"Sapeurs Pompiers","article_published_time":"2024-04-17T16:16:43+00:00","article_modified_time":"2024-04-17T16:22:36+00:00","og_image":[{"width":600,"height":450,"url":"https:\/\/mindef.gov.cm\/sapeurs-pompiers\/wp-content\/uploads\/sites\/8\/2024\/04\/in-Kousseri-1.jpg","type":"image\/jpeg"}],"author":"alextakoutsingstephane02","twitter_card":"summary_large_image","twitter_misc":{"\u00c9crit par":"alextakoutsingstephane02","Dur\u00e9e de lecture estim\u00e9e":"2 minutes"},"schema":{"@context":"https:\/\/schema.org","@graph":[{"@type":"Article","@id":"https:\/\/mindef.gov.cm\/sapeurs-pompiers\/feu-de-boutique-quartier-sokoto-a-kousseri\/#article","isPartOf":{"@id":"https:\/\/mindef.gov.cm\/sapeurs-pompiers\/feu-de-boutique-quartier-sokoto-a-kousseri\/"},"author":{"name":"alextakoutsingstephane02","@id":"https:\/\/mindef.gov.cm\/sapeurs-pompiers\/#\/schema\/person\/c4651ba7a4086fb25bf9d26c0518a02a"},"headline":"Feu de boutique, quartier SOKOTO \u00e0 Kouss\u00e9ri.","datePublished":"2024-04-17T16:16:43+00:00","dateModified":"2024-04-17T16:22:36+00:00","mainEntityOfPage":{"@id":"https:\/\/mindef.gov.cm\/sapeurs-pompiers\/feu-de-boutique-quartier-sokoto-a-kousseri\/"},"wordCount":105,"commentCount":0,"publisher":{"@id":"https:\/\/mindef.gov.cm\/sapeurs-pompiers\/#organization"},"image":{"@id":"https:\/\/mindef.gov.cm\/sapeurs-pompiers\/feu-de-boutique-quartier-sokoto-a-kousseri\/#primaryimage"},"thumbnailUrl":"https:\/\/mindef.gov.cm\/sapeurs-pompiers\/wp-content\/uploads\/sites\/8\/2024\/04\/in-Kousseri-1.jpg","keywords":["Actualit\u00e9s sapeurs","Banni\u00e8re sapeurs","INTERVENTIONS MARQUANTES 40i\u00e8me"],"articleSection":["INTERVENTIONS MARQUANTES","scroll"],"inLanguage":"fr-FR","potentialAction":[{"@type":"CommentAction","name":"Comment","target":["https:\/\/mindef.gov.cm\/sapeurs-pompiers\/feu-de-boutique-quartier-sokoto-a-kousseri\/#respond"]}]},{"@type":"WebPage","@id":"https:\/\/mindef.gov.cm\/sapeurs-pompiers\/feu-de-boutique-quartier-sokoto-a-kousseri\/","url":"https:\/\/mindef.gov.cm\/sapeurs-pompiers\/feu-de-boutique-quartier-sokoto-a-kousseri\/","name":"Feu de boutique, quartier SOKOTO \u00e0 Kouss\u00e9ri. - Sapeurs Pompiers","isPartOf":{"@id":"https:\/\/mindef.gov.cm\/sapeurs-pompiers\/#website"},"primaryImageOfPage":{"@id":"https:\/\/mindef.gov.cm\/sapeurs-pompiers\/feu-de-boutique-quartier-sokoto-a-kousseri\/#primaryimage"},"image":{"@id":"https:\/\/mindef.gov.cm\/sapeurs-pompiers\/feu-de-boutique-quartier-sokoto-a-kousseri\/#primaryimage"},"thumbnailUrl":"https:\/\/mindef.gov.cm\/sapeurs-pompiers\/wp-content\/uploads\/sites\/8\/2024\/04\/in-Kousseri-1.jpg","datePublished":"2024-04-17T16:16:43+00:00","dateModified":"2024-04-17T16:22:36+00:00","breadcrumb":{"@id":"https:\/\/mindef.gov.cm\/sapeurs-pompiers\/feu-de-boutique-quartier-sokoto-a-kousseri\/#breadcrumb"},"inLanguage":"fr-FR","potentialAction":[{"@type":"ReadAction","target":["https:\/\/mindef.gov.cm\/sapeurs-pompiers\/feu-de-boutique-quartier-sokoto-a-kousseri\/"]}]},{"@type":"ImageObject","inLanguage":"fr-FR","@id":"https:\/\/mindef.gov.cm\/sapeurs-pompiers\/feu-de-boutique-quartier-sokoto-a-kousseri\/#primaryimage","url":"https:\/\/mindef.gov.cm\/sapeurs-pompiers\/wp-content\/uploads\/sites\/8\/2024\/04\/in-Kousseri-1.jpg","contentUrl":"https:\/\/mindef.gov.cm\/sapeurs-pompiers\/wp-content\/uploads\/sites\/8\/2024\/04\/in-Kousseri-1.jpg","width":600,"height":450},{"@type":"BreadcrumbList","@id":"https:\/\/mindef.gov.cm\/sapeurs-pompiers\/feu-de-boutique-quartier-sokoto-a-kousseri\/#breadcrumb","itemListElement":[{"@type":"ListItem","position":1,"name":"Home","item":"https:\/\/mindef.gov.cm\/sapeurs-pompiers\/"},{"@type":"ListItem","position":2,"name":"Feu de boutique, quartier SOKOTO \u00e0 Kouss\u00e9ri."}]},{"@type":"WebSite","@id":"https:\/\/mindef.gov.cm\/sapeurs-pompiers\/#website","url":"https:\/\/mindef.gov.cm\/sapeurs-pompiers\/","name":"Sapeurs Pompiers","description":"","publisher":{"@id":"https:\/\/mindef.gov.cm\/sapeurs-pompiers\/#organization"},"potentialAction":[{"@type":"SearchAction","target":{"@type":"EntryPoint","urlTemplate":"https:\/\/mindef.gov.cm\/sapeurs-pompiers\/?s={search_term_string}"},"query-input":"required name=search_term_string"}],"inLanguage":"fr-FR"},{"@type":"Organization","@id":"https:\/\/mindef.gov.cm\/sapeurs-pompiers\/#organization","name":"Sapeurs Pompiers","url":"https:\/\/mindef.gov.cm\/sapeurs-pompiers\/","logo":{"@type":"ImageObject","inLanguage":"fr-FR","@id":"https:\/\/mindef.gov.cm\/sapeurs-pompiers\/#\/schema\/logo\/image\/","url":"https:\/\/mindef.gov.cm\/sapeurs-pompiers\/wp-content\/uploads\/sites\/8\/2023\/07\/Logo-Mindef-fr.jpg","contentUrl":"https:\/\/mindef.gov.cm\/sapeurs-pompiers\/wp-content\/uploads\/sites\/8\/2023\/07\/Logo-Mindef-fr.jpg","width":1324,"height":298,"caption":"Sapeurs Pompiers"},"image":{"@id":"https:\/\/mindef.gov.cm\/sapeurs-pompiers\/#\/schema\/logo\/image\/"}},{"@type":"Person","@id":"https:\/\/mindef.gov.cm\/sapeurs-pompiers\/#\/schema\/person\/c4651ba7a4086fb25bf9d26c0518a02a","name":"alextakoutsingstephane02","image":{"@type":"ImageObject","inLanguage":"fr-FR","@id":"https:\/\/mindef.gov.cm\/sapeurs-pompiers\/#\/schema\/person\/image\/","url":"https:\/\/secure.gravatar.com\/avatar\/deb2059ceeac4997bfe3fcd2696ea10a?s=96&d=mm&r=g","contentUrl":"https:\/\/secure.gravatar.com\/avatar\/deb2059ceeac4997bfe3fcd2696ea10a?s=96&d=mm&r=g","caption":"alextakoutsingstephane02"},"url":"https:\/\/mindef.gov.cm\/sapeurs-pompiers\/author\/alextakoutsingstephane02\/"}]}},"rttpg_featured_image_url":{"full":["https:\/\/mindef.gov.cm\/sapeurs-pompiers\/wp-content\/uploads\/sites\/8\/2024\/04\/in-Kousseri-1.jpg",600,450,false],"landscape":["https:\/\/mindef.gov.cm\/sapeurs-pompiers\/wp-content\/uploads\/sites\/8\/2024\/04\/in-Kousseri-1.jpg",600,450,false],"portraits":["https:\/\/mindef.gov.cm\/sapeurs-pompiers\/wp-content\/uploads\/sites\/8\/2024\/04\/in-Kousseri-1.jpg",600,450,false],"thumbnail":["https:\/\/mindef.gov.cm\/sapeurs-pompiers\/wp-content\/uploads\/sites\/8\/2024\/04\/in-Kousseri-1-150x150.jpg",150,150,true],"medium":["https:\/\/mindef.gov.cm\/sapeurs-pompiers\/wp-content\/uploads\/sites\/8\/2024\/04\/in-Kousseri-1-300x225.jpg",300,225,true],"large":["https:\/\/mindef.gov.cm\/sapeurs-pompiers\/wp-content\/uploads\/sites\/8\/2024\/04\/in-Kousseri-1.jpg",600,450,false],"1536x1536":["https:\/\/mindef.gov.cm\/sapeurs-pompiers\/wp-content\/uploads\/sites\/8\/2024\/04\/in-Kousseri-1.jpg",600,450,false],"2048x2048":["https:\/\/mindef.gov.cm\/sapeurs-pompiers\/wp-content\/uploads\/sites\/8\/2024\/04\/in-Kousseri-1.jpg",600,450,false],"htmega_size_585x295":["https:\/\/mindef.gov.cm\/sapeurs-pompiers\/wp-content\/uploads\/sites\/8\/2024\/04\/in-Kousseri-1-585x295.jpg",585,295,true],"htmega_size_1170x536":["https:\/\/mindef.gov.cm\/sapeurs-pompiers\/wp-content\/uploads\/sites\/8\/2024\/04\/in-Kousseri-1.jpg",600,450,false],"htmega_size_396x360":["https:\/\/mindef.gov.cm\/sapeurs-pompiers\/wp-content\/uploads\/sites\/8\/2024\/04\/in-Kousseri-1-396x360.jpg",396,360,true],"rt_custom":["https:\/\/mindef.gov.cm\/sapeurs-pompiers\/wp-content\/uploads\/sites\/8\/2024\/04\/in-Kousseri-1.jpg",600,450,false]},"rttpg_author":{"display_name":"alextakoutsingstephane02","author_link":"https:\/\/mindef.gov.cm\/sapeurs-pompiers\/author\/alextakoutsingstephane02\/"},"rttpg_comment":0,"rttpg_category":"<a href=\"https:\/\/mindef.gov.cm\/sapeurs-pompiers\/category\/interventions-marquantes\/\" rel=\"category tag\">INTERVENTIONS MARQUANTES<\/a> <a href=\"https:\/\/mindef.gov.cm\/sapeurs-pompiers\/category\/scroll\/\" rel=\"category tag\">scroll<\/a>","rttpg_excerpt":"Lundi, 15 avril 2024 \u00e0 21h15, les secours de la 402e Compagnie d'Incendie de Kouss\u00e9ri ont \u00e9t\u00e9 alert\u00e9s pour un feu de boutique au quartier Sokoto \u00e0 Kouss\u00e9ri.","_links":{"self":[{"href":"https:\/\/mindef.gov.cm\/sapeurs-pompiers\/wp-json\/wp\/v2\/posts\/3729","targetHints":{"allow":["GET"]}}],"collection":[{"href":"https:\/\/mindef.gov.cm\/sapeurs-pompiers\/wp-json\/wp\/v2\/posts"}],"about":[{"href":"https:\/\/mindef.gov.cm\/sapeurs-pompiers\/wp-json\/wp\/v2\/types\/post"}],"author":[{"embeddable":true,"href":"https:\/\/mindef.gov.cm\/sapeurs-pompiers\/wp-json\/wp\/v2\/users\/7"}],"replies":[{"embeddable":true,"href":"https:\/\/mindef.gov.cm\/sapeurs-pompiers\/wp-json\/wp\/v2\/comments?post=3729"}],"version-history":[{"count":0,"href":"https:\/\/mindef.gov.cm\/sapeurs-pompiers\/wp-json\/wp\/v2\/posts\/3729\/revisions"}],"wp:featuredmedia":[{"embeddable":true,"href":"https:\/\/mindef.gov.cm\/sapeurs-pompiers\/wp-json\/wp\/v2\/media\/3730"}],"wp:attachment":[{"href":"https:\/\/mindef.gov.cm\/sapeurs-pompiers\/wp-json\/wp\/v2\/media?parent=3729"}],"wp:term":[{"taxonomy":"category","embeddable":true,"href":"https:\/\/mindef.gov.cm\/sapeurs-pompiers\/wp-json\/wp\/v2\/categories?post=3729"},{"taxonomy":"post_tag","embeddable":true,"href":"https:\/\/mindef.gov.cm\/sapeurs-pompiers\/wp-json\/wp\/v2\/tags?post=3729"}],"curies":[{"name":"wp","href":"https:\/\/api.w.org\/{rel}","templated":true}]}}